{"id":33902,"date":"2023-08-10T12:31:03","date_gmt":"2023-08-10T15:31:03","guid":{"rendered":"https:\/\/terezaxavier.com.br\/?p=33902"},"modified":"2023-08-10T12:42:31","modified_gmt":"2023-08-10T15:42:31","slug":"jornal-do-brasil-revista-de-domingo-2002","status":"publish","type":"post","link":"https:\/\/terezaxavier.com.br\/en\/jornal-do-brasil-revista-de-domingo-2002\/","title":{"rendered":"Jornal do Brasil Revista de Domingo 2002"},"content":{"rendered":"<div data-elementor-type=\"wp-post\" data-elementor-id=\"33902\" class=\"elementor elementor-33902\" data-elementor-post-type=\"post\">\n\t\t\t\t\t\t<section class=\"elementor-section elementor-top-section elementor-element elementor-element-c3c08c0 elementor-section-boxed elementor-section-height-default elementor-section-height-default sc_fly_static\" data-id=\"c3c08c0\" data-element_type=\"section\" data-e-type=\"section\">\n\t\t\t\t\t\t<div class=\"elementor-container elementor-column-gap-extended\">\n\t\t\t\t\t<div class=\"elementor-column elementor-col-100 elementor-top-column elementor-element elementor-element-598d3cb sc_content_align_inherit sc_layouts_column_icons_position_left sc_fly_static\" data-id=\"598d3cb\" data-element_type=\"column\" data-e-type=\"column\">\n\t\t\t<div class=\"elementor-widget-wrap elementor-element-populated\">\n\t\t\t\t\t\t<div class=\"elementor-element elementor-element-820dd39 sc_fly_static elementor-widget elementor-widget-image\" data-id=\"820dd39\" data-element_type=\"widget\" data-e-type=\"widget\" data-widget_type=\"image.default\">\n\t\t\t\t<div class=\"elementor-widget-container\">\n\t\t\t\t\t\t\t\t\t\t\t\t\t\t\t<img fetchpriority=\"high\" decoding=\"async\" width=\"686\" height=\"1024\" src=\"https:\/\/terezaxavier.com.br\/wp-content\/uploads\/2023\/08\/Jornal-do-Brasil-Revista-de-Domingo-2002_11zon-686x1024.jpg\" class=\"attachment-large size-large wp-image-33909\" alt=\"Jornal do Brasil Revista de Domingo 2002\" srcset=\"https:\/\/terezaxavier.com.br\/wp-content\/uploads\/2023\/08\/Jornal-do-Brasil-Revista-de-Domingo-2002_11zon-686x1024.jpg 686w, https:\/\/terezaxavier.com.br\/wp-content\/uploads\/2023\/08\/Jornal-do-Brasil-Revista-de-Domingo-2002_11zon-201x300.jpg 201w, https:\/\/terezaxavier.com.br\/wp-content\/uploads\/2023\/08\/Jornal-do-Brasil-Revista-de-Domingo-2002_11zon-768x1147.jpg 768w, https:\/\/terezaxavier.com.br\/wp-content\/uploads\/2023\/08\/Jornal-do-Brasil-Revista-de-Domingo-2002_11zon-1029x1536.jpg 1029w, https:\/\/terezaxavier.com.br\/wp-content\/uploads\/2023\/08\/Jornal-do-Brasil-Revista-de-Domingo-2002_11zon-1372x2048.jpg 1372w, https:\/\/terezaxavier.com.br\/wp-content\/uploads\/2023\/08\/Jornal-do-Brasil-Revista-de-Domingo-2002_11zon-370x552.jpg 370w, https:\/\/terezaxavier.com.br\/wp-content\/uploads\/2023\/08\/Jornal-do-Brasil-Revista-de-Domingo-2002_11zon-840x1254.jpg 840w, https:\/\/terezaxavier.com.br\/wp-content\/uploads\/2023\/08\/Jornal-do-Brasil-Revista-de-Domingo-2002_11zon-410x612.jpg 410w, https:\/\/terezaxavier.com.br\/wp-content\/uploads\/2023\/08\/Jornal-do-Brasil-Revista-de-Domingo-2002_11zon-600x896.jpg 600w, https:\/\/terezaxavier.com.br\/wp-content\/uploads\/2023\/08\/Jornal-do-Brasil-Revista-de-Domingo-2002_11zon-scaled.jpg 1715w\" sizes=\"(max-width: 686px) 100vw, 686px\" \/>\t\t\t\t\t\t\t\t\t\t\t\t\t\t\t<\/div>\n\t\t\t\t<\/div>\n\t\t\t\t<div class=\"elementor-element elementor-element-7e10ebb sc_fly_static elementor-widget elementor-widget-spacer\" data-id=\"7e10ebb\" data-element_type=\"widget\" data-e-type=\"widget\" data-widget_type=\"spacer.default\">\n\t\t\t\t<div class=\"elementor-widget-container\">\n\t\t\t\t\t\t\t<div class=\"elementor-spacer\">\n\t\t\t<div class=\"elementor-spacer-inner\"><\/div>\n\t\t<\/div>\n\t\t\t\t\t\t<\/div>\n\t\t\t\t<\/div>\n\t\t\t\t<div class=\"elementor-element elementor-element-9ebeecd sc_fly_static elementor-widget elementor-widget-text-editor\" data-id=\"9ebeecd\" data-element_type=\"widget\" data-e-type=\"widget\" data-widget_type=\"text-editor.default\">\n\t\t\t\t<div class=\"elementor-widget-container\">\n\t\t\t\t\t\t\t\t\t<blockquote><h2 style=\"text-align: center;\"><strong>RICO AMULETO<\/strong><\/h2><p><strong><a href=\"https:\/\/www.jb.com.br\/\">Jornal do Brasil<\/a>: Da <a href=\"https:\/\/terezaxavier.com.br\/en\/colecao-deus-cuida-de-mim-alta-joalheria\/\">cole\u00e7\u00e3o Deus Cuida de Mim<\/a> da designer Tereza Xavier, essa pulseira \u00e9 uma joia protetora. Com 7 fitas coloridas e pingente, a designer promete amor, sa\u00fade e prosperidade, al\u00e9m do estilo inconfund\u00edvel de misturar materiais alternativos ao ouro.<\/strong><\/p><p>\u00a0<\/p><\/blockquote>\t\t\t\t\t\t\t\t<\/div>\n\t\t\t\t<\/div>\n\t\t\t\t\t<\/div>\n\t\t<\/div>\n\t\t\t\t\t<\/div>\n\t\t<\/section>\n\t\t\t\t<\/div>","protected":false},"excerpt":{"rendered":"<p>RICO AMULETO Jornal do Brasil: Da cole\u00e7\u00e3o Deus Cuida de Mim da designer Tereza Xavier, essa pulseira \u00e9 uma joia protetora. Com 7 fitas coloridas e pingente, a designer promete&hellip;<\/p>","protected":false},"author":1,"featured_media":0,"comment_status":"open","ping_status":"open","sticky":false,"template":"","format":"standard","meta":{"_joinchat":[],"footnotes":""},"categories":[233],"tags":[],"class_list":["post-33902","post","type-post","status-publish","format-standard","hentry","category-press"],"_links":{"self":[{"href":"https:\/\/terezaxavier.com.br\/en\/wp-json\/wp\/v2\/posts\/33902","targetHints":{"allow":["GET"]}}],"collection":[{"href":"https:\/\/terezaxavier.com.br\/en\/wp-json\/wp\/v2\/posts"}],"about":[{"href":"https:\/\/terezaxavier.com.br\/en\/wp-json\/wp\/v2\/types\/post"}],"author":[{"embeddable":true,"href":"https:\/\/terezaxavier.com.br\/en\/wp-json\/wp\/v2\/users\/1"}],"replies":[{"embeddable":true,"href":"https:\/\/terezaxavier.com.br\/en\/wp-json\/wp\/v2\/comments?post=33902"}],"version-history":[{"count":15,"href":"https:\/\/terezaxavier.com.br\/en\/wp-json\/wp\/v2\/posts\/33902\/revisions"}],"predecessor-version":[{"id":33926,"href":"https:\/\/terezaxavier.com.br\/en\/wp-json\/wp\/v2\/posts\/33902\/revisions\/33926"}],"wp:attachment":[{"href":"https:\/\/terezaxavier.com.br\/en\/wp-json\/wp\/v2\/media?parent=33902"}],"wp:term":[{"taxonomy":"category","embeddable":true,"href":"https:\/\/terezaxavier.com.br\/en\/wp-json\/wp\/v2\/categories?post=33902"},{"taxonomy":"post_tag","embeddable":true,"href":"https:\/\/terezaxavier.com.br\/en\/wp-json\/wp\/v2\/tags?post=33902"}],"curies":[{"name":"wp","href":"https:\/\/api.w.org\/{rel}","templated":true}]}}