{"id":33829,"date":"2023-08-09T18:56:44","date_gmt":"2023-08-09T21:56:44","guid":{"rendered":"https:\/\/terezaxavier.com.br\/?p=33829"},"modified":"2023-08-09T19:03:43","modified_gmt":"2023-08-09T22:03:43","slug":"o-globo-segundo-caderno-hildegard-angel-1998","status":"publish","type":"post","link":"https:\/\/terezaxavier.com.br\/en\/o-globo-segundo-caderno-hildegard-angel-1998\/","title":{"rendered":"O Globo Segundo Caderno Hildegard Angel 1998"},"content":{"rendered":"<div data-elementor-type=\"wp-post\" data-elementor-id=\"33829\" class=\"elementor elementor-33829\" data-elementor-post-type=\"post\">\n\t\t\t\t\t\t<section class=\"elementor-section elementor-top-section elementor-element elementor-element-acbc7dc elementor-section-boxed elementor-section-height-default elementor-section-height-default sc_fly_static\" data-id=\"acbc7dc\" data-element_type=\"section\" data-e-type=\"section\">\n\t\t\t\t\t\t<div class=\"elementor-container elementor-column-gap-extended\">\n\t\t\t\t\t<div class=\"elementor-column elementor-col-100 elementor-top-column elementor-element elementor-element-0fec897 sc_content_align_inherit sc_layouts_column_icons_position_left sc_fly_static\" data-id=\"0fec897\" data-element_type=\"column\" data-e-type=\"column\">\n\t\t\t<div class=\"elementor-widget-wrap elementor-element-populated\">\n\t\t\t\t\t\t<div class=\"elementor-element elementor-element-06d91a8 sc_fly_static elementor-widget elementor-widget-image\" data-id=\"06d91a8\" data-element_type=\"widget\" data-e-type=\"widget\" data-widget_type=\"image.default\">\n\t\t\t\t<div class=\"elementor-widget-container\">\n\t\t\t\t\t\t\t\t\t\t\t\t\t\t\t<img fetchpriority=\"high\" decoding=\"async\" width=\"1024\" height=\"169\" src=\"https:\/\/terezaxavier.com.br\/wp-content\/uploads\/2023\/08\/O-Globo-Segundo-Caderno-Hildegard-Angel-1998-1024x169.jpg\" class=\"attachment-large size-large wp-image-33836\" alt=\"\" srcset=\"https:\/\/terezaxavier.com.br\/wp-content\/uploads\/2023\/08\/O-Globo-Segundo-Caderno-Hildegard-Angel-1998-1024x169.jpg 1024w, https:\/\/terezaxavier.com.br\/wp-content\/uploads\/2023\/08\/O-Globo-Segundo-Caderno-Hildegard-Angel-1998-300x49.jpg 300w, https:\/\/terezaxavier.com.br\/wp-content\/uploads\/2023\/08\/O-Globo-Segundo-Caderno-Hildegard-Angel-1998-768x127.jpg 768w, https:\/\/terezaxavier.com.br\/wp-content\/uploads\/2023\/08\/O-Globo-Segundo-Caderno-Hildegard-Angel-1998-1536x253.jpg 1536w, https:\/\/terezaxavier.com.br\/wp-content\/uploads\/2023\/08\/O-Globo-Segundo-Caderno-Hildegard-Angel-1998-2048x338.jpg 2048w, https:\/\/terezaxavier.com.br\/wp-content\/uploads\/2023\/08\/O-Globo-Segundo-Caderno-Hildegard-Angel-1998-370x61.jpg 370w, https:\/\/terezaxavier.com.br\/wp-content\/uploads\/2023\/08\/O-Globo-Segundo-Caderno-Hildegard-Angel-1998-840x138.jpg 840w, https:\/\/terezaxavier.com.br\/wp-content\/uploads\/2023\/08\/O-Globo-Segundo-Caderno-Hildegard-Angel-1998-410x68.jpg 410w, https:\/\/terezaxavier.com.br\/wp-content\/uploads\/2023\/08\/O-Globo-Segundo-Caderno-Hildegard-Angel-1998-600x99.jpg 600w\" sizes=\"(max-width: 1024px) 100vw, 1024px\" \/>\t\t\t\t\t\t\t\t\t\t\t\t\t\t\t<\/div>\n\t\t\t\t<\/div>\n\t\t\t\t<div class=\"elementor-element elementor-element-fb156cf sc_fly_static elementor-widget elementor-widget-spacer\" data-id=\"fb156cf\" data-element_type=\"widget\" data-e-type=\"widget\" data-widget_type=\"spacer.default\">\n\t\t\t\t<div class=\"elementor-widget-container\">\n\t\t\t\t\t\t\t<div class=\"elementor-spacer\">\n\t\t\t<div class=\"elementor-spacer-inner\"><\/div>\n\t\t<\/div>\n\t\t\t\t\t\t<\/div>\n\t\t\t\t<\/div>\n\t\t\t\t<div class=\"elementor-element elementor-element-21b22fa sc_fly_static elementor-widget elementor-widget-text-editor\" data-id=\"21b22fa\" data-element_type=\"widget\" data-e-type=\"widget\" data-widget_type=\"text-editor.default\">\n\t\t\t\t<div class=\"elementor-widget-container\">\n\t\t\t\t\t\t\t\t\t<blockquote><p><strong><a href=\"https:\/\/oglobo.globo.com\/\">O Globo<\/a>: Tereza Xavier prepara desfile de suas joias esot\u00e9ricas em Bras\u00edlia, organizado por Esther Guerra, esposa do ex-ministro Alceni, final deste m\u00eas. Leva anel do poder, tudo a ver com o Planalto&#8230;<\/strong><\/p><\/blockquote>\t\t\t\t\t\t\t\t<\/div>\n\t\t\t\t<\/div>\n\t\t\t\t\t<\/div>\n\t\t<\/div>\n\t\t\t\t\t<\/div>\n\t\t<\/section>\n\t\t\t\t<\/div>","protected":false},"excerpt":{"rendered":"<p>O Globo: Tereza Xavier prepara desfile de suas joias esot\u00e9ricas em Bras\u00edlia, organizado por Esther Guerra, esposa do ex-ministro Alceni, final deste m\u00eas. Leva anel do poder, tudo a ver&hellip;<\/p>","protected":false},"author":1,"featured_media":0,"comment_status":"open","ping_status":"open","sticky":false,"template":"","format":"standard","meta":{"_joinchat":[],"footnotes":""},"categories":[233],"tags":[],"class_list":["post-33829","post","type-post","status-publish","format-standard","hentry","category-press"],"_links":{"self":[{"href":"https:\/\/terezaxavier.com.br\/en\/wp-json\/wp\/v2\/posts\/33829","targetHints":{"allow":["GET"]}}],"collection":[{"href":"https:\/\/terezaxavier.com.br\/en\/wp-json\/wp\/v2\/posts"}],"about":[{"href":"https:\/\/terezaxavier.com.br\/en\/wp-json\/wp\/v2\/types\/post"}],"author":[{"embeddable":true,"href":"https:\/\/terezaxavier.com.br\/en\/wp-json\/wp\/v2\/users\/1"}],"replies":[{"embeddable":true,"href":"https:\/\/terezaxavier.com.br\/en\/wp-json\/wp\/v2\/comments?post=33829"}],"version-history":[{"count":12,"href":"https:\/\/terezaxavier.com.br\/en\/wp-json\/wp\/v2\/posts\/33829\/revisions"}],"predecessor-version":[{"id":33842,"href":"https:\/\/terezaxavier.com.br\/en\/wp-json\/wp\/v2\/posts\/33829\/revisions\/33842"}],"wp:attachment":[{"href":"https:\/\/terezaxavier.com.br\/en\/wp-json\/wp\/v2\/media?parent=33829"}],"wp:term":[{"taxonomy":"category","embeddable":true,"href":"https:\/\/terezaxavier.com.br\/en\/wp-json\/wp\/v2\/categories?post=33829"},{"taxonomy":"post_tag","embeddable":true,"href":"https:\/\/terezaxavier.com.br\/en\/wp-json\/wp\/v2\/tags?post=33829"}],"curies":[{"name":"wp","href":"https:\/\/api.w.org\/{rel}","templated":true}]}}