{"id":33780,"date":"2023-08-09T18:26:17","date_gmt":"2023-08-09T21:26:17","guid":{"rendered":"https:\/\/terezaxavier.com.br\/?p=33780"},"modified":"2024-06-19T11:17:26","modified_gmt":"2024-06-19T14:17:26","slug":"jornal-do-brasil-revista-de-domingo-1988","status":"publish","type":"post","link":"https:\/\/terezaxavier.com.br\/en\/jornal-do-brasil-revista-de-domingo-1988\/","title":{"rendered":"Jornal do Brasil Revista de Domingo 1988"},"content":{"rendered":"<div data-elementor-type=\"wp-post\" data-elementor-id=\"33780\" class=\"elementor elementor-33780\" data-elementor-post-type=\"post\">\n\t\t\t\t\t\t<section class=\"elementor-section elementor-top-section elementor-element elementor-element-2dfff3e elementor-section-boxed elementor-section-height-default elementor-section-height-default sc_fly_static\" data-id=\"2dfff3e\" data-element_type=\"section\" data-e-type=\"section\">\n\t\t\t\t\t\t<div class=\"elementor-container elementor-column-gap-extended\">\n\t\t\t\t\t<div class=\"elementor-column elementor-col-100 elementor-top-column elementor-element elementor-element-0b1ccd9 sc_content_align_inherit sc_layouts_column_icons_position_left sc_fly_static\" data-id=\"0b1ccd9\" data-element_type=\"column\" data-e-type=\"column\">\n\t\t\t<div class=\"elementor-widget-wrap elementor-element-populated\">\n\t\t\t\t\t\t<div class=\"elementor-element elementor-element-d3fdffc sc_fly_static elementor-widget elementor-widget-image\" data-id=\"d3fdffc\" data-element_type=\"widget\" data-e-type=\"widget\" data-widget_type=\"image.default\">\n\t\t\t\t<div class=\"elementor-widget-container\">\n\t\t\t\t\t\t\t\t\t\t\t\t\t\t\t<img fetchpriority=\"high\" decoding=\"async\" width=\"781\" height=\"1024\" src=\"https:\/\/terezaxavier.com.br\/wp-content\/uploads\/2023\/08\/Jornal-do-Brasil-Revista-de-Domingo-1988_11zon-781x1024.jpg\" class=\"attachment-large size-large wp-image-33787\" alt=\"Jornal do Brasil Revista de Domingo 1988\" srcset=\"https:\/\/terezaxavier.com.br\/wp-content\/uploads\/2023\/08\/Jornal-do-Brasil-Revista-de-Domingo-1988_11zon-781x1024.jpg 781w, https:\/\/terezaxavier.com.br\/wp-content\/uploads\/2023\/08\/Jornal-do-Brasil-Revista-de-Domingo-1988_11zon-229x300.jpg 229w, https:\/\/terezaxavier.com.br\/wp-content\/uploads\/2023\/08\/Jornal-do-Brasil-Revista-de-Domingo-1988_11zon-768x1006.jpg 768w, https:\/\/terezaxavier.com.br\/wp-content\/uploads\/2023\/08\/Jornal-do-Brasil-Revista-de-Domingo-1988_11zon-1172x1536.jpg 1172w, https:\/\/terezaxavier.com.br\/wp-content\/uploads\/2023\/08\/Jornal-do-Brasil-Revista-de-Domingo-1988_11zon-1563x2048.jpg 1563w, https:\/\/terezaxavier.com.br\/wp-content\/uploads\/2023\/08\/Jornal-do-Brasil-Revista-de-Domingo-1988_11zon-370x485.jpg 370w, https:\/\/terezaxavier.com.br\/wp-content\/uploads\/2023\/08\/Jornal-do-Brasil-Revista-de-Domingo-1988_11zon-840x1101.jpg 840w, https:\/\/terezaxavier.com.br\/wp-content\/uploads\/2023\/08\/Jornal-do-Brasil-Revista-de-Domingo-1988_11zon-410x537.jpg 410w, https:\/\/terezaxavier.com.br\/wp-content\/uploads\/2023\/08\/Jornal-do-Brasil-Revista-de-Domingo-1988_11zon-600x786.jpg 600w, https:\/\/terezaxavier.com.br\/wp-content\/uploads\/2023\/08\/Jornal-do-Brasil-Revista-de-Domingo-1988_11zon-scaled.jpg 1954w\" sizes=\"(max-width: 781px) 100vw, 781px\" \/>\t\t\t\t\t\t\t\t\t\t\t\t\t\t\t<\/div>\n\t\t\t\t<\/div>\n\t\t\t\t<div class=\"elementor-element elementor-element-a47d489 sc_fly_static elementor-widget elementor-widget-spacer\" data-id=\"a47d489\" data-element_type=\"widget\" data-e-type=\"widget\" data-widget_type=\"spacer.default\">\n\t\t\t\t<div class=\"elementor-widget-container\">\n\t\t\t\t\t\t\t<div class=\"elementor-spacer\">\n\t\t\t<div class=\"elementor-spacer-inner\"><\/div>\n\t\t<\/div>\n\t\t\t\t\t\t<\/div>\n\t\t\t\t<\/div>\n\t\t\t\t<div class=\"elementor-element elementor-element-6a38195 sc_fly_static elementor-widget elementor-widget-text-editor\" data-id=\"6a38195\" data-element_type=\"widget\" data-e-type=\"widget\" data-widget_type=\"text-editor.default\">\n\t\t\t\t<div class=\"elementor-widget-container\">\n\t\t\t\t\t\t\t\t\t<blockquote>\n<p><strong><a href=\"https:\/\/www.jb.com.br\/\">Jornal do Brasil<\/a>: A designer de joias Tereza Xavier foi uma das pioneiras da nova tend\u00eancia. H\u00e1 quatro anos ela mandou instalar num quarto de seu apartamento em S\u00e3o Conrado uma esta\u00e7\u00e3o de treinamento. N\u00e3o se arrepende: &#8220;\u00c9 super pr\u00e1tico. Os amigos adoram e, tendo em casa, a gente fica mais estimulada a vencer a pregui\u00e7a&#8221;.<\/strong><\/p>\n<\/blockquote>\t\t\t\t\t\t\t\t<\/div>\n\t\t\t\t<\/div>\n\t\t\t\t\t<\/div>\n\t\t<\/div>\n\t\t\t\t\t<\/div>\n\t\t<\/section>\n\t\t\t\t<\/div>","protected":false},"excerpt":{"rendered":"<p>Jornal do Brasil: A designer de joias Tereza Xavier foi uma das pioneiras da nova tend\u00eancia. H\u00e1 quatro anos ela mandou instalar num quarto de seu apartamento em S\u00e3o Conrado&hellip;<\/p>","protected":false},"author":1,"featured_media":0,"comment_status":"open","ping_status":"open","sticky":false,"template":"","format":"standard","meta":{"_joinchat":[],"footnotes":""},"categories":[233],"tags":[],"class_list":["post-33780","post","type-post","status-publish","format-standard","hentry","category-press"],"_links":{"self":[{"href":"https:\/\/terezaxavier.com.br\/en\/wp-json\/wp\/v2\/posts\/33780","targetHints":{"allow":["GET"]}}],"collection":[{"href":"https:\/\/terezaxavier.com.br\/en\/wp-json\/wp\/v2\/posts"}],"about":[{"href":"https:\/\/terezaxavier.com.br\/en\/wp-json\/wp\/v2\/types\/post"}],"author":[{"embeddable":true,"href":"https:\/\/terezaxavier.com.br\/en\/wp-json\/wp\/v2\/users\/1"}],"replies":[{"embeddable":true,"href":"https:\/\/terezaxavier.com.br\/en\/wp-json\/wp\/v2\/comments?post=33780"}],"version-history":[{"count":24,"href":"https:\/\/terezaxavier.com.br\/en\/wp-json\/wp\/v2\/posts\/33780\/revisions"}],"predecessor-version":[{"id":41181,"href":"https:\/\/terezaxavier.com.br\/en\/wp-json\/wp\/v2\/posts\/33780\/revisions\/41181"}],"wp:attachment":[{"href":"https:\/\/terezaxavier.com.br\/en\/wp-json\/wp\/v2\/media?parent=33780"}],"wp:term":[{"taxonomy":"category","embeddable":true,"href":"https:\/\/terezaxavier.com.br\/en\/wp-json\/wp\/v2\/categories?post=33780"},{"taxonomy":"post_tag","embeddable":true,"href":"https:\/\/terezaxavier.com.br\/en\/wp-json\/wp\/v2\/tags?post=33780"}],"curies":[{"name":"wp","href":"https:\/\/api.w.org\/{rel}","templated":true}]}}