{"id":33668,"date":"2023-08-09T16:45:24","date_gmt":"2023-08-09T19:45:24","guid":{"rendered":"https:\/\/terezaxavier.com.br\/?p=33668"},"modified":"2025-04-02T15:51:57","modified_gmt":"2025-04-02T18:51:57","slug":"o-dia-coluna-lu-lacerda-2000","status":"publish","type":"post","link":"https:\/\/terezaxavier.com.br\/en\/o-dia-coluna-lu-lacerda-2000\/","title":{"rendered":"O Dia Coluna Lu Lacerda 2000"},"content":{"rendered":"<div data-elementor-type=\"wp-post\" data-elementor-id=\"33668\" class=\"elementor elementor-33668\" data-elementor-post-type=\"post\">\n\t\t\t\t\t\t<section class=\"elementor-section elementor-top-section elementor-element elementor-element-ad522f9 elementor-section-boxed elementor-section-height-default elementor-section-height-default sc_fly_static\" data-id=\"ad522f9\" data-element_type=\"section\" data-e-type=\"section\">\n\t\t\t\t\t\t<div class=\"elementor-container elementor-column-gap-extended\">\n\t\t\t\t\t<div class=\"elementor-column elementor-col-100 elementor-top-column elementor-element elementor-element-df1fcd5 sc_content_align_inherit sc_layouts_column_icons_position_left sc_fly_static\" data-id=\"df1fcd5\" data-element_type=\"column\" data-e-type=\"column\">\n\t\t\t<div class=\"elementor-widget-wrap elementor-element-populated\">\n\t\t\t\t\t\t<div class=\"elementor-element elementor-element-8040ed0 sc_fly_static elementor-widget elementor-widget-image\" data-id=\"8040ed0\" data-element_type=\"widget\" data-e-type=\"widget\" data-widget_type=\"image.default\">\n\t\t\t\t<div class=\"elementor-widget-container\">\n\t\t\t\t\t\t\t\t\t\t\t\t\t\t\t<img fetchpriority=\"high\" decoding=\"async\" width=\"723\" height=\"1024\" src=\"https:\/\/terezaxavier.com.br\/wp-content\/uploads\/2023\/08\/O-Dia-Coluna-Lu-Lacerda-2000_11zon-723x1024.jpg\" class=\"attachment-large size-large wp-image-33675\" alt=\"O Dia Coluna Lu Lacerda 2000\" srcset=\"https:\/\/terezaxavier.com.br\/wp-content\/uploads\/2023\/08\/O-Dia-Coluna-Lu-Lacerda-2000_11zon-723x1024.jpg 723w, https:\/\/terezaxavier.com.br\/wp-content\/uploads\/2023\/08\/O-Dia-Coluna-Lu-Lacerda-2000_11zon-212x300.jpg 212w, https:\/\/terezaxavier.com.br\/wp-content\/uploads\/2023\/08\/O-Dia-Coluna-Lu-Lacerda-2000_11zon-768x1088.jpg 768w, https:\/\/terezaxavier.com.br\/wp-content\/uploads\/2023\/08\/O-Dia-Coluna-Lu-Lacerda-2000_11zon-1084x1536.jpg 1084w, https:\/\/terezaxavier.com.br\/wp-content\/uploads\/2023\/08\/O-Dia-Coluna-Lu-Lacerda-2000_11zon-1445x2048.jpg 1445w, https:\/\/terezaxavier.com.br\/wp-content\/uploads\/2023\/08\/O-Dia-Coluna-Lu-Lacerda-2000_11zon-370x524.jpg 370w, https:\/\/terezaxavier.com.br\/wp-content\/uploads\/2023\/08\/O-Dia-Coluna-Lu-Lacerda-2000_11zon-840x1190.jpg 840w, https:\/\/terezaxavier.com.br\/wp-content\/uploads\/2023\/08\/O-Dia-Coluna-Lu-Lacerda-2000_11zon-410x581.jpg 410w, https:\/\/terezaxavier.com.br\/wp-content\/uploads\/2023\/08\/O-Dia-Coluna-Lu-Lacerda-2000_11zon-600x850.jpg 600w, https:\/\/terezaxavier.com.br\/wp-content\/uploads\/2023\/08\/O-Dia-Coluna-Lu-Lacerda-2000_11zon.jpg 1744w\" sizes=\"(max-width: 723px) 100vw, 723px\" \/>\t\t\t\t\t\t\t\t\t\t\t\t\t\t\t<\/div>\n\t\t\t\t<\/div>\n\t\t\t\t<div class=\"elementor-element elementor-element-90d916f sc_fly_static elementor-widget elementor-widget-spacer\" data-id=\"90d916f\" data-element_type=\"widget\" data-e-type=\"widget\" data-widget_type=\"spacer.default\">\n\t\t\t\t<div class=\"elementor-widget-container\">\n\t\t\t\t\t\t\t<div class=\"elementor-spacer\">\n\t\t\t<div class=\"elementor-spacer-inner\"><\/div>\n\t\t<\/div>\n\t\t\t\t\t\t<\/div>\n\t\t\t\t<\/div>\n\t\t\t\t<div class=\"elementor-element elementor-element-7754fa8 sc_fly_static elementor-widget elementor-widget-text-editor\" data-id=\"7754fa8\" data-element_type=\"widget\" data-e-type=\"widget\" data-widget_type=\"text-editor.default\">\n\t\t\t\t<div class=\"elementor-widget-container\">\n\t\t\t\t\t\t\t\t\t<blockquote><p><strong><a href=\"https:\/\/odia.ig.com.br\/\">O Dia<\/a>: A joalheira Tereza Xavier inaugurou a Galeria de Artes no Copacabana Palace. A designer, que sempre admirou as obras de arte popular do museu Casa do Pontal, montou uma galeria onde est\u00e3o \u00e0 venda pe\u00e7as do barroco mineiro e v\u00eam fazendo o maior sucesso.<\/strong><\/p><\/blockquote>\t\t\t\t\t\t\t\t<\/div>\n\t\t\t\t<\/div>\n\t\t\t\t\t<\/div>\n\t\t<\/div>\n\t\t\t\t\t<\/div>\n\t\t<\/section>\n\t\t\t\t<\/div>","protected":false},"excerpt":{"rendered":"<p>O Dia: A joalheira Tereza Xavier inaugurou a Galeria de Artes no Copacabana Palace. A designer, que sempre admirou as obras de arte popular do museu Casa do Pontal, montou&hellip;<\/p>","protected":false},"author":1,"featured_media":0,"comment_status":"open","ping_status":"open","sticky":false,"template":"","format":"standard","meta":{"_joinchat":[],"footnotes":""},"categories":[233],"tags":[],"class_list":["post-33668","post","type-post","status-publish","format-standard","hentry","category-press"],"_links":{"self":[{"href":"https:\/\/terezaxavier.com.br\/en\/wp-json\/wp\/v2\/posts\/33668","targetHints":{"allow":["GET"]}}],"collection":[{"href":"https:\/\/terezaxavier.com.br\/en\/wp-json\/wp\/v2\/posts"}],"about":[{"href":"https:\/\/terezaxavier.com.br\/en\/wp-json\/wp\/v2\/types\/post"}],"author":[{"embeddable":true,"href":"https:\/\/terezaxavier.com.br\/en\/wp-json\/wp\/v2\/users\/1"}],"replies":[{"embeddable":true,"href":"https:\/\/terezaxavier.com.br\/en\/wp-json\/wp\/v2\/comments?post=33668"}],"version-history":[{"count":15,"href":"https:\/\/terezaxavier.com.br\/en\/wp-json\/wp\/v2\/posts\/33668\/revisions"}],"predecessor-version":[{"id":33684,"href":"https:\/\/terezaxavier.com.br\/en\/wp-json\/wp\/v2\/posts\/33668\/revisions\/33684"}],"wp:attachment":[{"href":"https:\/\/terezaxavier.com.br\/en\/wp-json\/wp\/v2\/media?parent=33668"}],"wp:term":[{"taxonomy":"category","embeddable":true,"href":"https:\/\/terezaxavier.com.br\/en\/wp-json\/wp\/v2\/categories?post=33668"},{"taxonomy":"post_tag","embeddable":true,"href":"https:\/\/terezaxavier.com.br\/en\/wp-json\/wp\/v2\/tags?post=33668"}],"curies":[{"name":"wp","href":"https:\/\/api.w.org\/{rel}","templated":true}]}}