{"id":33447,"date":"2023-08-09T13:29:53","date_gmt":"2023-08-09T16:29:53","guid":{"rendered":"https:\/\/terezaxavier.com.br\/?p=33447"},"modified":"2023-08-09T13:38:33","modified_gmt":"2023-08-09T16:38:33","slug":"revista-caras-tereza-xavier-ivone-kassu-e-maite-proenca-2000","status":"publish","type":"post","link":"https:\/\/terezaxavier.com.br\/en\/revista-caras-tereza-xavier-ivone-kassu-e-maite-proenca-2000\/","title":{"rendered":"Revista Caras Tereza Xavier Ivone Kassu e Mait\u00ea Proen\u00e7a 2000"},"content":{"rendered":"<div data-elementor-type=\"wp-post\" data-elementor-id=\"33447\" class=\"elementor elementor-33447\" data-elementor-post-type=\"post\">\n\t\t\t\t\t\t<section class=\"elementor-section elementor-top-section elementor-element elementor-element-ec057c1 elementor-section-boxed elementor-section-height-default elementor-section-height-default sc_fly_static\" data-id=\"ec057c1\" data-element_type=\"section\" data-e-type=\"section\">\n\t\t\t\t\t\t<div class=\"elementor-container elementor-column-gap-extended\">\n\t\t\t\t\t<div class=\"elementor-column elementor-col-100 elementor-top-column elementor-element elementor-element-d06b4b3 sc_content_align_inherit sc_layouts_column_icons_position_left sc_fly_static\" data-id=\"d06b4b3\" data-element_type=\"column\" data-e-type=\"column\">\n\t\t\t<div class=\"elementor-widget-wrap elementor-element-populated\">\n\t\t\t\t\t\t<div class=\"elementor-element elementor-element-34f440e sc_fly_static elementor-widget elementor-widget-image\" data-id=\"34f440e\" data-element_type=\"widget\" data-e-type=\"widget\" data-widget_type=\"image.default\">\n\t\t\t\t<div class=\"elementor-widget-container\">\n\t\t\t\t\t\t\t\t\t\t\t\t\t\t\t<img fetchpriority=\"high\" decoding=\"async\" width=\"694\" height=\"1024\" src=\"https:\/\/terezaxavier.com.br\/wp-content\/uploads\/2023\/08\/Revista-Caras-Tereza-Xavier-Ivone-Kassu-e-Maite-Proenca-2000-694x1024.jpg\" class=\"attachment-large size-large wp-image-33452\" alt=\"\" srcset=\"https:\/\/terezaxavier.com.br\/wp-content\/uploads\/2023\/08\/Revista-Caras-Tereza-Xavier-Ivone-Kassu-e-Maite-Proenca-2000-694x1024.jpg 694w, https:\/\/terezaxavier.com.br\/wp-content\/uploads\/2023\/08\/Revista-Caras-Tereza-Xavier-Ivone-Kassu-e-Maite-Proenca-2000-203x300.jpg 203w, https:\/\/terezaxavier.com.br\/wp-content\/uploads\/2023\/08\/Revista-Caras-Tereza-Xavier-Ivone-Kassu-e-Maite-Proenca-2000-768x1133.jpg 768w, https:\/\/terezaxavier.com.br\/wp-content\/uploads\/2023\/08\/Revista-Caras-Tereza-Xavier-Ivone-Kassu-e-Maite-Proenca-2000-1041x1536.jpg 1041w, https:\/\/terezaxavier.com.br\/wp-content\/uploads\/2023\/08\/Revista-Caras-Tereza-Xavier-Ivone-Kassu-e-Maite-Proenca-2000-1388x2048.jpg 1388w, https:\/\/terezaxavier.com.br\/wp-content\/uploads\/2023\/08\/Revista-Caras-Tereza-Xavier-Ivone-Kassu-e-Maite-Proenca-2000-370x546.jpg 370w, https:\/\/terezaxavier.com.br\/wp-content\/uploads\/2023\/08\/Revista-Caras-Tereza-Xavier-Ivone-Kassu-e-Maite-Proenca-2000-840x1240.jpg 840w, https:\/\/terezaxavier.com.br\/wp-content\/uploads\/2023\/08\/Revista-Caras-Tereza-Xavier-Ivone-Kassu-e-Maite-Proenca-2000-410x605.jpg 410w, https:\/\/terezaxavier.com.br\/wp-content\/uploads\/2023\/08\/Revista-Caras-Tereza-Xavier-Ivone-Kassu-e-Maite-Proenca-2000-600x885.jpg 600w, https:\/\/terezaxavier.com.br\/wp-content\/uploads\/2023\/08\/Revista-Caras-Tereza-Xavier-Ivone-Kassu-e-Maite-Proenca-2000-scaled.jpg 1735w\" sizes=\"(max-width: 694px) 100vw, 694px\" \/>\t\t\t\t\t\t\t\t\t\t\t\t\t\t\t<\/div>\n\t\t\t\t<\/div>\n\t\t\t\t<div class=\"elementor-element elementor-element-550567a sc_fly_static elementor-widget elementor-widget-spacer\" data-id=\"550567a\" data-element_type=\"widget\" data-e-type=\"widget\" data-widget_type=\"spacer.default\">\n\t\t\t\t<div class=\"elementor-widget-container\">\n\t\t\t\t\t\t\t<div class=\"elementor-spacer\">\n\t\t\t<div class=\"elementor-spacer-inner\"><\/div>\n\t\t<\/div>\n\t\t\t\t\t\t<\/div>\n\t\t\t\t<\/div>\n\t\t\t\t<div class=\"elementor-element elementor-element-8e925f3 sc_fly_static elementor-widget elementor-widget-text-editor\" data-id=\"8e925f3\" data-element_type=\"widget\" data-e-type=\"widget\" data-widget_type=\"text-editor.default\">\n\t\t\t\t<div class=\"elementor-widget-container\">\n\t\t\t\t\t\t\t\t\t<blockquote><p style=\"text-align: left;\"><strong>3- <a href=\"https:\/\/caras.uol.com.br\/\">Revista Caras<\/a>: Ivone Kassu na festa de lan\u00e7amento das joias da cole\u00e7\u00e3o Amor, da designer Tereza Xavier, no Rio.\u00a0<\/strong><strong>4- Tereza Xavier recebe a atriz Mait\u00ea Proen\u00e7a.<\/strong><\/p><\/blockquote>\t\t\t\t\t\t\t\t<\/div>\n\t\t\t\t<\/div>\n\t\t\t\t\t<\/div>\n\t\t<\/div>\n\t\t\t\t\t<\/div>\n\t\t<\/section>\n\t\t\t\t<\/div>","protected":false},"excerpt":{"rendered":"<p>3- Revista Caras: Ivone Kassu na festa de lan\u00e7amento das joias da cole\u00e7\u00e3o Amor, da designer Tereza Xavier, no Rio.\u00a04- Tereza Xavier recebe a atriz Mait\u00ea Proen\u00e7a.<\/p>","protected":false},"author":1,"featured_media":0,"comment_status":"open","ping_status":"open","sticky":false,"template":"","format":"standard","meta":{"_joinchat":[],"footnotes":""},"categories":[233],"tags":[],"class_list":["post-33447","post","type-post","status-publish","format-standard","hentry","category-press"],"_links":{"self":[{"href":"https:\/\/terezaxavier.com.br\/en\/wp-json\/wp\/v2\/posts\/33447","targetHints":{"allow":["GET"]}}],"collection":[{"href":"https:\/\/terezaxavier.com.br\/en\/wp-json\/wp\/v2\/posts"}],"about":[{"href":"https:\/\/terezaxavier.com.br\/en\/wp-json\/wp\/v2\/types\/post"}],"author":[{"embeddable":true,"href":"https:\/\/terezaxavier.com.br\/en\/wp-json\/wp\/v2\/users\/1"}],"replies":[{"embeddable":true,"href":"https:\/\/terezaxavier.com.br\/en\/wp-json\/wp\/v2\/comments?post=33447"}],"version-history":[{"count":15,"href":"https:\/\/terezaxavier.com.br\/en\/wp-json\/wp\/v2\/posts\/33447\/revisions"}],"predecessor-version":[{"id":33464,"href":"https:\/\/terezaxavier.com.br\/en\/wp-json\/wp\/v2\/posts\/33447\/revisions\/33464"}],"wp:attachment":[{"href":"https:\/\/terezaxavier.com.br\/en\/wp-json\/wp\/v2\/media?parent=33447"}],"wp:term":[{"taxonomy":"category","embeddable":true,"href":"https:\/\/terezaxavier.com.br\/en\/wp-json\/wp\/v2\/categories?post=33447"},{"taxonomy":"post_tag","embeddable":true,"href":"https:\/\/terezaxavier.com.br\/en\/wp-json\/wp\/v2\/tags?post=33447"}],"curies":[{"name":"wp","href":"https:\/\/api.w.org\/{rel}","templated":true}]}}