{"id":33096,"date":"2023-08-03T15:14:55","date_gmt":"2023-08-03T18:14:55","guid":{"rendered":"https:\/\/terezaxavier.com.br\/?p=33096"},"modified":"2023-08-03T15:19:17","modified_gmt":"2023-08-03T18:19:17","slug":"o-globo-1995-caderno-pessoas","status":"publish","type":"post","link":"https:\/\/terezaxavier.com.br\/en\/o-globo-1995-caderno-pessoas\/","title":{"rendered":"O Globo 1995 Caderno Pessoas"},"content":{"rendered":"<div data-elementor-type=\"wp-post\" data-elementor-id=\"33096\" class=\"elementor elementor-33096\" data-elementor-post-type=\"post\">\n\t\t\t\t\t\t<section class=\"elementor-section elementor-top-section elementor-element elementor-element-2947264 elementor-section-boxed elementor-section-height-default elementor-section-height-default sc_fly_static\" data-id=\"2947264\" data-element_type=\"section\" data-e-type=\"section\">\n\t\t\t\t\t\t<div class=\"elementor-container elementor-column-gap-extended\">\n\t\t\t\t\t<div class=\"elementor-column elementor-col-100 elementor-top-column elementor-element elementor-element-a631402 sc_content_align_inherit sc_layouts_column_icons_position_left sc_fly_static\" data-id=\"a631402\" data-element_type=\"column\" data-e-type=\"column\">\n\t\t\t<div class=\"elementor-widget-wrap elementor-element-populated\">\n\t\t\t\t\t\t<div class=\"elementor-element elementor-element-37a9d59 sc_fly_static elementor-widget elementor-widget-image\" data-id=\"37a9d59\" data-element_type=\"widget\" data-e-type=\"widget\" data-widget_type=\"image.default\">\n\t\t\t\t<div class=\"elementor-widget-container\">\n\t\t\t\t\t\t\t\t\t\t\t\t\t\t\t<img fetchpriority=\"high\" decoding=\"async\" width=\"1024\" height=\"916\" src=\"https:\/\/terezaxavier.com.br\/wp-content\/uploads\/2023\/08\/O-Globo-1995-Caderno-Pessoas_11zon-1024x916.jpg\" class=\"attachment-large size-large wp-image-33101\" alt=\"O Globo 1995 Caderno Pessoas\" srcset=\"https:\/\/terezaxavier.com.br\/wp-content\/uploads\/2023\/08\/O-Globo-1995-Caderno-Pessoas_11zon-1024x916.jpg 1024w, https:\/\/terezaxavier.com.br\/wp-content\/uploads\/2023\/08\/O-Globo-1995-Caderno-Pessoas_11zon-300x268.jpg 300w, https:\/\/terezaxavier.com.br\/wp-content\/uploads\/2023\/08\/O-Globo-1995-Caderno-Pessoas_11zon-768x687.jpg 768w, https:\/\/terezaxavier.com.br\/wp-content\/uploads\/2023\/08\/O-Globo-1995-Caderno-Pessoas_11zon-1536x1374.jpg 1536w, https:\/\/terezaxavier.com.br\/wp-content\/uploads\/2023\/08\/O-Globo-1995-Caderno-Pessoas_11zon-2048x1832.jpg 2048w, https:\/\/terezaxavier.com.br\/wp-content\/uploads\/2023\/08\/O-Globo-1995-Caderno-Pessoas_11zon-370x331.jpg 370w, https:\/\/terezaxavier.com.br\/wp-content\/uploads\/2023\/08\/O-Globo-1995-Caderno-Pessoas_11zon-840x751.jpg 840w, https:\/\/terezaxavier.com.br\/wp-content\/uploads\/2023\/08\/O-Globo-1995-Caderno-Pessoas_11zon-410x367.jpg 410w, https:\/\/terezaxavier.com.br\/wp-content\/uploads\/2023\/08\/O-Globo-1995-Caderno-Pessoas_11zon-600x537.jpg 600w\" sizes=\"(max-width: 1024px) 100vw, 1024px\" \/>\t\t\t\t\t\t\t\t\t\t\t\t\t\t\t<\/div>\n\t\t\t\t<\/div>\n\t\t\t\t<div class=\"elementor-element elementor-element-2c5e12a sc_fly_static elementor-widget elementor-widget-spacer\" data-id=\"2c5e12a\" data-element_type=\"widget\" data-e-type=\"widget\" data-widget_type=\"spacer.default\">\n\t\t\t\t<div class=\"elementor-widget-container\">\n\t\t\t\t\t\t\t<div class=\"elementor-spacer\">\n\t\t\t<div class=\"elementor-spacer-inner\"><\/div>\n\t\t<\/div>\n\t\t\t\t\t\t<\/div>\n\t\t\t\t<\/div>\n\t\t\t\t<div class=\"elementor-element elementor-element-a8dd18c sc_fly_static elementor-widget elementor-widget-text-editor\" data-id=\"a8dd18c\" data-element_type=\"widget\" data-e-type=\"widget\" data-widget_type=\"text-editor.default\">\n\t\t\t\t<div class=\"elementor-widget-container\">\n\t\t\t\t\t\t\t\t\t<blockquote><p><strong><a href=\"https:\/\/oglobo.globo.com\/\">O Globo<\/a>: No embalo do revival mundial dos Beatles, a designer de joias Tereza Xavier tamb\u00e9m presta sua homenagem aos rapazes de Liverpool. Em sua nova cole\u00e7\u00e3o de joias tem\u00e1ticas, que ser\u00e1 lan\u00e7ada hoje no Tizziano e estar\u00e1 em exposi\u00e7\u00e3o a partir de quinta-feira em sua loja no shopping Cassino Atl\u00e2ntico, ela incluiu uma s\u00e9rie de bot\u00f5es de roupa com \u00edcones da \u00e9poca da beatlemania. Entre as modelos que apresentar\u00e3o as joias no desfile esta Juliana Galv\u00e3o, a vencedora do Pr\u00eamio Rio Sul de Moda deste ano.<\/strong><\/p><\/blockquote>\t\t\t\t\t\t\t\t<\/div>\n\t\t\t\t<\/div>\n\t\t\t\t\t<\/div>\n\t\t<\/div>\n\t\t\t\t\t<\/div>\n\t\t<\/section>\n\t\t\t\t<\/div>","protected":false},"excerpt":{"rendered":"<p>O Globo: No embalo do revival mundial dos Beatles, a designer de joias Tereza Xavier tamb\u00e9m presta sua homenagem aos rapazes de Liverpool. Em sua nova cole\u00e7\u00e3o de joias tem\u00e1ticas,&hellip;<\/p>","protected":false},"author":1,"featured_media":0,"comment_status":"open","ping_status":"open","sticky":false,"template":"elementor_header_footer","format":"standard","meta":{"_joinchat":[],"footnotes":""},"categories":[233],"tags":[],"class_list":["post-33096","post","type-post","status-publish","format-standard","hentry","category-press"],"_links":{"self":[{"href":"https:\/\/terezaxavier.com.br\/en\/wp-json\/wp\/v2\/posts\/33096","targetHints":{"allow":["GET"]}}],"collection":[{"href":"https:\/\/terezaxavier.com.br\/en\/wp-json\/wp\/v2\/posts"}],"about":[{"href":"https:\/\/terezaxavier.com.br\/en\/wp-json\/wp\/v2\/types\/post"}],"author":[{"embeddable":true,"href":"https:\/\/terezaxavier.com.br\/en\/wp-json\/wp\/v2\/users\/1"}],"replies":[{"embeddable":true,"href":"https:\/\/terezaxavier.com.br\/en\/wp-json\/wp\/v2\/comments?post=33096"}],"version-history":[{"count":16,"href":"https:\/\/terezaxavier.com.br\/en\/wp-json\/wp\/v2\/posts\/33096\/revisions"}],"predecessor-version":[{"id":33113,"href":"https:\/\/terezaxavier.com.br\/en\/wp-json\/wp\/v2\/posts\/33096\/revisions\/33113"}],"wp:attachment":[{"href":"https:\/\/terezaxavier.com.br\/en\/wp-json\/wp\/v2\/media?parent=33096"}],"wp:term":[{"taxonomy":"category","embeddable":true,"href":"https:\/\/terezaxavier.com.br\/en\/wp-json\/wp\/v2\/categories?post=33096"},{"taxonomy":"post_tag","embeddable":true,"href":"https:\/\/terezaxavier.com.br\/en\/wp-json\/wp\/v2\/tags?post=33096"}],"curies":[{"name":"wp","href":"https:\/\/api.w.org\/{rel}","templated":true}]}}