{"id":33049,"date":"2023-08-03T13:10:34","date_gmt":"2023-08-03T16:10:34","guid":{"rendered":"https:\/\/terezaxavier.com.br\/?p=33049"},"modified":"2023-08-03T13:22:32","modified_gmt":"2023-08-03T16:22:32","slug":"o-dia-carolina-dieckmann-1998","status":"publish","type":"post","link":"https:\/\/terezaxavier.com.br\/en\/o-dia-carolina-dieckmann-1998\/","title":{"rendered":"O Dia Carolina Dieckmann 1998"},"content":{"rendered":"<div data-elementor-type=\"wp-post\" data-elementor-id=\"33049\" class=\"elementor elementor-33049\" data-elementor-post-type=\"post\">\n\t\t\t\t\t\t<section class=\"elementor-section elementor-top-section elementor-element elementor-element-2ab516a elementor-section-boxed elementor-section-height-default elementor-section-height-default sc_fly_static\" data-id=\"2ab516a\" data-element_type=\"section\" data-e-type=\"section\">\n\t\t\t\t\t\t<div class=\"elementor-container elementor-column-gap-extended\">\n\t\t\t\t\t<div class=\"elementor-column elementor-col-100 elementor-top-column elementor-element elementor-element-258c1de sc_content_align_inherit sc_layouts_column_icons_position_left sc_fly_static\" data-id=\"258c1de\" data-element_type=\"column\" data-e-type=\"column\">\n\t\t\t<div class=\"elementor-widget-wrap elementor-element-populated\">\n\t\t\t\t\t\t<div class=\"elementor-element elementor-element-1d47865 sc_fly_static elementor-widget elementor-widget-image\" data-id=\"1d47865\" data-element_type=\"widget\" data-e-type=\"widget\" data-widget_type=\"image.default\">\n\t\t\t\t<div class=\"elementor-widget-container\">\n\t\t\t\t\t\t\t\t\t\t\t\t\t\t\t<img fetchpriority=\"high\" decoding=\"async\" width=\"507\" height=\"1024\" src=\"https:\/\/terezaxavier.com.br\/wp-content\/uploads\/2023\/08\/o-dia-carolina-dieckmann-1998_11zon-507x1024.jpg\" class=\"attachment-large size-large wp-image-33054\" alt=\"\" srcset=\"https:\/\/terezaxavier.com.br\/wp-content\/uploads\/2023\/08\/o-dia-carolina-dieckmann-1998_11zon-507x1024.jpg 507w, https:\/\/terezaxavier.com.br\/wp-content\/uploads\/2023\/08\/o-dia-carolina-dieckmann-1998_11zon-149x300.jpg 149w, https:\/\/terezaxavier.com.br\/wp-content\/uploads\/2023\/08\/o-dia-carolina-dieckmann-1998_11zon-768x1550.jpg 768w, https:\/\/terezaxavier.com.br\/wp-content\/uploads\/2023\/08\/o-dia-carolina-dieckmann-1998_11zon-761x1536.jpg 761w, https:\/\/terezaxavier.com.br\/wp-content\/uploads\/2023\/08\/o-dia-carolina-dieckmann-1998_11zon-1014x2048.jpg 1014w, https:\/\/terezaxavier.com.br\/wp-content\/uploads\/2023\/08\/o-dia-carolina-dieckmann-1998_11zon-370x747.jpg 370w, https:\/\/terezaxavier.com.br\/wp-content\/uploads\/2023\/08\/o-dia-carolina-dieckmann-1998_11zon-840x1696.jpg 840w, https:\/\/terezaxavier.com.br\/wp-content\/uploads\/2023\/08\/o-dia-carolina-dieckmann-1998_11zon-410x828.jpg 410w, https:\/\/terezaxavier.com.br\/wp-content\/uploads\/2023\/08\/o-dia-carolina-dieckmann-1998_11zon-600x1211.jpg 600w, https:\/\/terezaxavier.com.br\/wp-content\/uploads\/2023\/08\/o-dia-carolina-dieckmann-1998_11zon-scaled.jpg 1268w\" sizes=\"(max-width: 600px) 100vw, 507px\" \/>\t\t\t\t\t\t\t\t\t\t\t\t\t\t\t<\/div>\n\t\t\t\t<\/div>\n\t\t\t\t<div class=\"elementor-element elementor-element-520b793 sc_fly_static elementor-widget elementor-widget-spacer\" data-id=\"520b793\" data-element_type=\"widget\" data-e-type=\"widget\" data-widget_type=\"spacer.default\">\n\t\t\t\t<div class=\"elementor-widget-container\">\n\t\t\t\t\t\t\t<div class=\"elementor-spacer\">\n\t\t\t<div class=\"elementor-spacer-inner\"><\/div>\n\t\t<\/div>\n\t\t\t\t\t\t<\/div>\n\t\t\t\t<\/div>\n\t\t\t\t<div class=\"elementor-element elementor-element-cd1338f sc_fly_static elementor-widget elementor-widget-text-editor\" data-id=\"cd1338f\" data-element_type=\"widget\" data-e-type=\"widget\" data-widget_type=\"text-editor.default\">\n\t\t\t\t<div class=\"elementor-widget-container\">\n\t\t\t\t\t\t\t\t\t<blockquote><p><strong><a href=\"https:\/\/odia.ig.com.br\/\">O Dia<\/a> 1998: Carolina Dieckmann com o colar muguet da joalheira <a href=\"https:\/\/terezaxavier.com.br\/en\/\">Tereza Xavier<\/a> sensa\u00e7\u00e3o do ver\u00e3o carioca de 1998. <\/strong><\/p><\/blockquote>\t\t\t\t\t\t\t\t<\/div>\n\t\t\t\t<\/div>\n\t\t\t\t\t<\/div>\n\t\t<\/div>\n\t\t\t\t\t<\/div>\n\t\t<\/section>\n\t\t\t\t<\/div>","protected":false},"excerpt":{"rendered":"<p>O Dia 1998: Carolina Dieckmann com o colar muguet da joalheira Tereza Xavier sensa\u00e7\u00e3o do ver\u00e3o carioca de 1998.<\/p>","protected":false},"author":1,"featured_media":0,"comment_status":"open","ping_status":"open","sticky":false,"template":"elementor_header_footer","format":"standard","meta":{"_joinchat":[],"footnotes":""},"categories":[233],"tags":[],"class_list":["post-33049","post","type-post","status-publish","format-standard","hentry","category-press"],"_links":{"self":[{"href":"https:\/\/terezaxavier.com.br\/en\/wp-json\/wp\/v2\/posts\/33049","targetHints":{"allow":["GET"]}}],"collection":[{"href":"https:\/\/terezaxavier.com.br\/en\/wp-json\/wp\/v2\/posts"}],"about":[{"href":"https:\/\/terezaxavier.com.br\/en\/wp-json\/wp\/v2\/types\/post"}],"author":[{"embeddable":true,"href":"https:\/\/terezaxavier.com.br\/en\/wp-json\/wp\/v2\/users\/1"}],"replies":[{"embeddable":true,"href":"https:\/\/terezaxavier.com.br\/en\/wp-json\/wp\/v2\/comments?post=33049"}],"version-history":[{"count":10,"href":"https:\/\/terezaxavier.com.br\/en\/wp-json\/wp\/v2\/posts\/33049\/revisions"}],"predecessor-version":[{"id":33061,"href":"https:\/\/terezaxavier.com.br\/en\/wp-json\/wp\/v2\/posts\/33049\/revisions\/33061"}],"wp:attachment":[{"href":"https:\/\/terezaxavier.com.br\/en\/wp-json\/wp\/v2\/media?parent=33049"}],"wp:term":[{"taxonomy":"category","embeddable":true,"href":"https:\/\/terezaxavier.com.br\/en\/wp-json\/wp\/v2\/categories?post=33049"},{"taxonomy":"post_tag","embeddable":true,"href":"https:\/\/terezaxavier.com.br\/en\/wp-json\/wp\/v2\/tags?post=33049"}],"curies":[{"name":"wp","href":"https:\/\/api.w.org\/{rel}","templated":true}]}}