{"id":32821,"date":"2023-08-02T17:28:13","date_gmt":"2023-08-02T20:28:13","guid":{"rendered":"https:\/\/terezaxavier.com.br\/?p=32821"},"modified":"2023-08-02T17:54:29","modified_gmt":"2023-08-02T20:54:29","slug":"o-globo-papo-da-cidade-1997","status":"publish","type":"post","link":"https:\/\/terezaxavier.com.br\/en\/o-globo-papo-da-cidade-1997\/","title":{"rendered":"O Globo Papo da Cidade 1997"},"content":{"rendered":"<div data-elementor-type=\"wp-post\" data-elementor-id=\"32821\" class=\"elementor elementor-32821\" data-elementor-post-type=\"post\">\n\t\t\t\t\t\t<section class=\"elementor-section elementor-top-section elementor-element elementor-element-fc7a5a9 elementor-section-boxed elementor-section-height-default elementor-section-height-default sc_fly_static\" data-id=\"fc7a5a9\" data-element_type=\"section\" data-e-type=\"section\">\n\t\t\t\t\t\t<div class=\"elementor-container elementor-column-gap-extended\">\n\t\t\t\t\t<div class=\"elementor-column elementor-col-100 elementor-top-column elementor-element elementor-element-9eee5da sc_content_align_inherit sc_layouts_column_icons_position_left sc_fly_static\" data-id=\"9eee5da\" data-element_type=\"column\" data-e-type=\"column\">\n\t\t\t<div class=\"elementor-widget-wrap elementor-element-populated\">\n\t\t\t\t\t\t<div class=\"elementor-element elementor-element-0fddb9c sc_fly_static elementor-widget elementor-widget-image\" data-id=\"0fddb9c\" data-element_type=\"widget\" data-e-type=\"widget\" data-widget_type=\"image.default\">\n\t\t\t\t<div class=\"elementor-widget-container\">\n\t\t\t\t\t\t\t\t\t\t\t\t\t\t\t<img fetchpriority=\"high\" decoding=\"async\" width=\"1024\" height=\"727\" src=\"https:\/\/terezaxavier.com.br\/wp-content\/uploads\/2023\/08\/O-Globo-Papo-da-Cidade-1997_11zon-1024x727.jpg\" class=\"attachment-large size-large wp-image-32828\" alt=\"O Globo Papo da Cidade 1997_11zon\" srcset=\"https:\/\/terezaxavier.com.br\/wp-content\/uploads\/2023\/08\/O-Globo-Papo-da-Cidade-1997_11zon-1024x727.jpg 1024w, https:\/\/terezaxavier.com.br\/wp-content\/uploads\/2023\/08\/O-Globo-Papo-da-Cidade-1997_11zon-300x213.jpg 300w, https:\/\/terezaxavier.com.br\/wp-content\/uploads\/2023\/08\/O-Globo-Papo-da-Cidade-1997_11zon-768x545.jpg 768w, https:\/\/terezaxavier.com.br\/wp-content\/uploads\/2023\/08\/O-Globo-Papo-da-Cidade-1997_11zon-1536x1090.jpg 1536w, https:\/\/terezaxavier.com.br\/wp-content\/uploads\/2023\/08\/O-Globo-Papo-da-Cidade-1997_11zon-2048x1454.jpg 2048w, https:\/\/terezaxavier.com.br\/wp-content\/uploads\/2023\/08\/O-Globo-Papo-da-Cidade-1997_11zon-370x263.jpg 370w, https:\/\/terezaxavier.com.br\/wp-content\/uploads\/2023\/08\/O-Globo-Papo-da-Cidade-1997_11zon-840x596.jpg 840w, https:\/\/terezaxavier.com.br\/wp-content\/uploads\/2023\/08\/O-Globo-Papo-da-Cidade-1997_11zon-410x291.jpg 410w, https:\/\/terezaxavier.com.br\/wp-content\/uploads\/2023\/08\/O-Globo-Papo-da-Cidade-1997_11zon-600x426.jpg 600w\" sizes=\"(max-width: 1024px) 100vw, 1024px\" \/>\t\t\t\t\t\t\t\t\t\t\t\t\t\t\t<\/div>\n\t\t\t\t<\/div>\n\t\t\t\t<div class=\"elementor-element elementor-element-287b9c2 sc_fly_static elementor-widget elementor-widget-spacer\" data-id=\"287b9c2\" data-element_type=\"widget\" data-e-type=\"widget\" data-widget_type=\"spacer.default\">\n\t\t\t\t<div class=\"elementor-widget-container\">\n\t\t\t\t\t\t\t<div class=\"elementor-spacer\">\n\t\t\t<div class=\"elementor-spacer-inner\"><\/div>\n\t\t<\/div>\n\t\t\t\t\t\t<\/div>\n\t\t\t\t<\/div>\n\t\t\t\t<div class=\"elementor-element elementor-element-29f4049 sc_fly_static elementor-widget elementor-widget-text-editor\" data-id=\"29f4049\" data-element_type=\"widget\" data-e-type=\"widget\" data-widget_type=\"text-editor.default\">\n\t\t\t\t<div class=\"elementor-widget-container\">\n\t\t\t\t\t\t\t\t\t<blockquote><p><strong><a href=\"https:\/\/oglobo.globo.com\/\">O Globo Caderno Ela 1997<\/a>: SCHIFFER, BIAL e Xavier na Ilha de Caras. Claudia Shiffer foi entrevistada <\/strong><strong>por Pedro Bial para o &#8220;Fant\u00e1stico&#8221;. Nos bra\u00e7os da bela, <a href=\"https:\/\/terezaxavier.com.br\/en\/colecao-talisma-alta-joalheria\/\">pe\u00e7as da designer <\/a><\/strong><strong>de joias Tereza Xavier.<\/strong><\/p><\/blockquote>\t\t\t\t\t\t\t\t<\/div>\n\t\t\t\t<\/div>\n\t\t\t\t\t<\/div>\n\t\t<\/div>\n\t\t\t\t\t<\/div>\n\t\t<\/section>\n\t\t\t\t<\/div>","protected":false},"excerpt":{"rendered":"<p>O Globo Caderno Ela 1997: SCHIFFER, BIAL e Xavier na Ilha de Caras. Claudia Shiffer foi entrevistada por Pedro Bial para o &#8220;Fant\u00e1stico&#8221;. Nos bra\u00e7os da bela, pe\u00e7as da designer&hellip;<\/p>","protected":false},"author":1,"featured_media":0,"comment_status":"open","ping_status":"open","sticky":false,"template":"","format":"standard","meta":{"_joinchat":[],"footnotes":""},"categories":[233],"tags":[],"class_list":["post-32821","post","type-post","status-publish","format-standard","hentry","category-press"],"_links":{"self":[{"href":"https:\/\/terezaxavier.com.br\/en\/wp-json\/wp\/v2\/posts\/32821","targetHints":{"allow":["GET"]}}],"collection":[{"href":"https:\/\/terezaxavier.com.br\/en\/wp-json\/wp\/v2\/posts"}],"about":[{"href":"https:\/\/terezaxavier.com.br\/en\/wp-json\/wp\/v2\/types\/post"}],"author":[{"embeddable":true,"href":"https:\/\/terezaxavier.com.br\/en\/wp-json\/wp\/v2\/users\/1"}],"replies":[{"embeddable":true,"href":"https:\/\/terezaxavier.com.br\/en\/wp-json\/wp\/v2\/comments?post=32821"}],"version-history":[{"count":15,"href":"https:\/\/terezaxavier.com.br\/en\/wp-json\/wp\/v2\/posts\/32821\/revisions"}],"predecessor-version":[{"id":32837,"href":"https:\/\/terezaxavier.com.br\/en\/wp-json\/wp\/v2\/posts\/32821\/revisions\/32837"}],"wp:attachment":[{"href":"https:\/\/terezaxavier.com.br\/en\/wp-json\/wp\/v2\/media?parent=32821"}],"wp:term":[{"taxonomy":"category","embeddable":true,"href":"https:\/\/terezaxavier.com.br\/en\/wp-json\/wp\/v2\/categories?post=32821"},{"taxonomy":"post_tag","embeddable":true,"href":"https:\/\/terezaxavier.com.br\/en\/wp-json\/wp\/v2\/tags?post=32821"}],"curies":[{"name":"wp","href":"https:\/\/api.w.org\/{rel}","templated":true}]}}