{"id":30366,"date":"2023-07-06T11:57:09","date_gmt":"2023-07-06T14:57:09","guid":{"rendered":"https:\/\/terezaxavier.com.br\/?p=30366"},"modified":"2023-07-06T12:08:24","modified_gmt":"2023-07-06T15:08:24","slug":"o-globo-caderno-ela-uma-flor-que-da-febre-e-desperta-paixoes","status":"publish","type":"post","link":"https:\/\/terezaxavier.com.br\/en\/o-globo-caderno-ela-uma-flor-que-da-febre-e-desperta-paixoes\/","title":{"rendered":"O Globo Caderno Ela: Uma Flor que d\u00e1 Febre e Desperta Paix\u00f5es"},"content":{"rendered":"<div data-elementor-type=\"wp-post\" data-elementor-id=\"30366\" class=\"elementor elementor-30366\" data-elementor-post-type=\"post\">\n\t\t\t\t\t\t<section class=\"elementor-section elementor-top-section elementor-element elementor-element-f958596 elementor-section-boxed elementor-section-height-default elementor-section-height-default sc_fly_static\" data-id=\"f958596\" data-element_type=\"section\" data-e-type=\"section\">\n\t\t\t\t\t\t<div class=\"elementor-container elementor-column-gap-extended\">\n\t\t\t\t\t<div class=\"elementor-column elementor-col-100 elementor-top-column elementor-element elementor-element-04d75aa sc_content_align_inherit sc_layouts_column_icons_position_left sc_fly_static\" data-id=\"04d75aa\" data-element_type=\"column\" data-e-type=\"column\">\n\t\t\t<div class=\"elementor-widget-wrap elementor-element-populated\">\n\t\t\t\t\t\t<div class=\"elementor-element elementor-element-f95a922 sc_fly_static elementor-widget elementor-widget-text-editor\" data-id=\"f95a922\" data-element_type=\"widget\" data-e-type=\"widget\" data-widget_type=\"text-editor.default\">\n\t\t\t\t<div class=\"elementor-widget-container\">\n\t\t\t\t\t\t\t\t\t<blockquote><p><strong><a href=\"https:\/\/oglobo.globo.com\/\">O Globo<\/a> Caderno Ela 2000: Uma Flor que d\u00e1 Febre e Desperta Paix\u00f5es: S\u00edmbolo da sensualidade para muitos, a orqu\u00eddea frequenta resid\u00eancias nobres e grifes festejadas. A designer <a href=\"https:\/\/terezaxavier.com.br\/en\/\">Tereza Xavier<\/a> escolheu duas orqu\u00eddeas brancas para usar no \u00faltimo r\u00e9veillon em sua <a href=\"https:\/\/terezaxavier.com.br\/en\/colecao-joia-flor-alta-joalheria\/\">joia Flor<\/a> (gancho de ouro usado como brinco ou colar onde se prega uma flor). &#8211; Para mim a orqu\u00eddea \u00e9 a flor mais sofisticada e sensual.<\/strong><\/p><\/blockquote>\t\t\t\t\t\t\t\t<\/div>\n\t\t\t\t<\/div>\n\t\t\t\t\t<\/div>\n\t\t<\/div>\n\t\t\t\t\t<\/div>\n\t\t<\/section>\n\t\t\t\t<section class=\"elementor-section elementor-top-section elementor-element elementor-element-d878803 elementor-section-boxed elementor-section-height-default elementor-section-height-default sc_fly_static\" data-id=\"d878803\" data-element_type=\"section\" data-e-type=\"section\">\n\t\t\t\t\t\t<div class=\"elementor-container elementor-column-gap-extended\">\n\t\t\t\t\t<div class=\"elementor-column elementor-col-100 elementor-top-column elementor-element elementor-element-af90521 sc_content_align_inherit sc_layouts_column_icons_position_left sc_fly_static\" data-id=\"af90521\" data-element_type=\"column\" data-e-type=\"column\">\n\t\t\t<div class=\"elementor-widget-wrap elementor-element-populated\">\n\t\t\t\t\t\t<div class=\"elementor-element elementor-element-6ec6741 sc_fly_static elementor-widget elementor-widget-image\" data-id=\"6ec6741\" data-element_type=\"widget\" data-e-type=\"widget\" data-widget_type=\"image.default\">\n\t\t\t\t<div class=\"elementor-widget-container\">\n\t\t\t\t\t\t\t\t\t\t\t\t\t\t\t<img fetchpriority=\"high\" decoding=\"async\" width=\"1024\" height=\"837\" src=\"https:\/\/terezaxavier.com.br\/wp-content\/uploads\/2023\/07\/O-Globo-Caderno-Ela-Uma-Flor-que-da-Febre-e-Desperta-Paixoes-1024x837.jpg\" class=\"attachment-large size-large wp-image-30377\" alt=\"O Globo Caderno Ela Uma Flor que d\u00e1 Febre e Desperta Paix\u00f5es\" srcset=\"https:\/\/terezaxavier.com.br\/wp-content\/uploads\/2023\/07\/O-Globo-Caderno-Ela-Uma-Flor-que-da-Febre-e-Desperta-Paixoes-1024x837.jpg 1024w, https:\/\/terezaxavier.com.br\/wp-content\/uploads\/2023\/07\/O-Globo-Caderno-Ela-Uma-Flor-que-da-Febre-e-Desperta-Paixoes-300x245.jpg 300w, https:\/\/terezaxavier.com.br\/wp-content\/uploads\/2023\/07\/O-Globo-Caderno-Ela-Uma-Flor-que-da-Febre-e-Desperta-Paixoes-768x628.jpg 768w, https:\/\/terezaxavier.com.br\/wp-content\/uploads\/2023\/07\/O-Globo-Caderno-Ela-Uma-Flor-que-da-Febre-e-Desperta-Paixoes-1536x1255.jpg 1536w, https:\/\/terezaxavier.com.br\/wp-content\/uploads\/2023\/07\/O-Globo-Caderno-Ela-Uma-Flor-que-da-Febre-e-Desperta-Paixoes-2048x1673.jpg 2048w, https:\/\/terezaxavier.com.br\/wp-content\/uploads\/2023\/07\/O-Globo-Caderno-Ela-Uma-Flor-que-da-Febre-e-Desperta-Paixoes-370x302.jpg 370w, https:\/\/terezaxavier.com.br\/wp-content\/uploads\/2023\/07\/O-Globo-Caderno-Ela-Uma-Flor-que-da-Febre-e-Desperta-Paixoes-840x686.jpg 840w, https:\/\/terezaxavier.com.br\/wp-content\/uploads\/2023\/07\/O-Globo-Caderno-Ela-Uma-Flor-que-da-Febre-e-Desperta-Paixoes-410x335.jpg 410w, https:\/\/terezaxavier.com.br\/wp-content\/uploads\/2023\/07\/O-Globo-Caderno-Ela-Uma-Flor-que-da-Febre-e-Desperta-Paixoes-600x490.jpg 600w\" sizes=\"(max-width: 1024px) 100vw, 1024px\" \/>\t\t\t\t\t\t\t\t\t\t\t\t\t\t\t<\/div>\n\t\t\t\t<\/div>\n\t\t\t\t\t<\/div>\n\t\t<\/div>\n\t\t\t\t\t<\/div>\n\t\t<\/section>\n\t\t\t\t<\/div>","protected":false},"excerpt":{"rendered":"<p>O Globo Caderno Ela 2000: Uma Flor que d\u00e1 Febre e Desperta Paix\u00f5es: S\u00edmbolo da sensualidade para muitos, a orqu\u00eddea frequenta resid\u00eancias nobres e grifes festejadas. A designer Tereza Xavier&hellip;<\/p>","protected":false},"author":1,"featured_media":0,"comment_status":"open","ping_status":"open","sticky":false,"template":"elementor_header_footer","format":"standard","meta":{"_joinchat":[],"footnotes":""},"categories":[233],"tags":[],"class_list":["post-30366","post","type-post","status-publish","format-standard","hentry","category-press"],"_links":{"self":[{"href":"https:\/\/terezaxavier.com.br\/en\/wp-json\/wp\/v2\/posts\/30366","targetHints":{"allow":["GET"]}}],"collection":[{"href":"https:\/\/terezaxavier.com.br\/en\/wp-json\/wp\/v2\/posts"}],"about":[{"href":"https:\/\/terezaxavier.com.br\/en\/wp-json\/wp\/v2\/types\/post"}],"author":[{"embeddable":true,"href":"https:\/\/terezaxavier.com.br\/en\/wp-json\/wp\/v2\/users\/1"}],"replies":[{"embeddable":true,"href":"https:\/\/terezaxavier.com.br\/en\/wp-json\/wp\/v2\/comments?post=30366"}],"version-history":[{"count":13,"href":"https:\/\/terezaxavier.com.br\/en\/wp-json\/wp\/v2\/posts\/30366\/revisions"}],"predecessor-version":[{"id":30380,"href":"https:\/\/terezaxavier.com.br\/en\/wp-json\/wp\/v2\/posts\/30366\/revisions\/30380"}],"wp:attachment":[{"href":"https:\/\/terezaxavier.com.br\/en\/wp-json\/wp\/v2\/media?parent=30366"}],"wp:term":[{"taxonomy":"category","embeddable":true,"href":"https:\/\/terezaxavier.com.br\/en\/wp-json\/wp\/v2\/categories?post=30366"},{"taxonomy":"post_tag","embeddable":true,"href":"https:\/\/terezaxavier.com.br\/en\/wp-json\/wp\/v2\/tags?post=30366"}],"curies":[{"name":"wp","href":"https:\/\/api.w.org\/{rel}","templated":true}]}}