{"id":28960,"date":"2023-06-28T17:40:51","date_gmt":"2023-06-28T20:40:51","guid":{"rendered":"https:\/\/terezaxavier.com.br\/?p=28960"},"modified":"2023-06-28T17:51:20","modified_gmt":"2023-06-28T20:51:20","slug":"festa-na-floresta-joalheira-faz-natal-para-os-indios-lu-lacerda","status":"publish","type":"post","link":"https:\/\/terezaxavier.com.br\/en\/festa-na-floresta-joalheira-faz-natal-para-os-indios-lu-lacerda\/","title":{"rendered":"Festa na Floresta: Joalheira faz Natal para os \u00edndios \u2013 Lu Lacerda"},"content":{"rendered":"<div data-elementor-type=\"wp-post\" data-elementor-id=\"28960\" class=\"elementor elementor-28960\" data-elementor-post-type=\"post\">\n\t\t\t\t\t\t<section class=\"elementor-section elementor-top-section elementor-element elementor-element-94c2e8e elementor-section-boxed elementor-section-height-default elementor-section-height-default sc_fly_static\" data-id=\"94c2e8e\" data-element_type=\"section\" data-e-type=\"section\">\n\t\t\t\t\t\t<div class=\"elementor-container elementor-column-gap-extended\">\n\t\t\t\t\t<div class=\"elementor-column elementor-col-100 elementor-top-column elementor-element elementor-element-c077899 sc_content_align_inherit sc_layouts_column_icons_position_left sc_fly_static\" data-id=\"c077899\" data-element_type=\"column\" data-e-type=\"column\">\n\t\t\t<div class=\"elementor-widget-wrap elementor-element-populated\">\n\t\t\t\t\t\t<div class=\"elementor-element elementor-element-ce55016 sc_fly_static elementor-widget elementor-widget-image\" data-id=\"ce55016\" data-element_type=\"widget\" data-e-type=\"widget\" data-widget_type=\"image.default\">\n\t\t\t\t<div class=\"elementor-widget-container\">\n\t\t\t\t\t\t\t\t\t\t\t\t\t\t\t<img fetchpriority=\"high\" decoding=\"async\" width=\"1024\" height=\"597\" src=\"https:\/\/terezaxavier.com.br\/wp-content\/uploads\/2023\/06\/Festa-na-floresta-joalheira-faz-Natal-para-os-indios-\u2013-Lu-Lacerda-1024x597.jpg\" class=\"attachment-large size-large wp-image-28962\" alt=\"Festa na floresta joalheira faz Natal para os \u00edndios \u2013 Lu Lacerda\" srcset=\"https:\/\/terezaxavier.com.br\/wp-content\/uploads\/2023\/06\/Festa-na-floresta-joalheira-faz-Natal-para-os-indios-\u2013-Lu-Lacerda-1024x597.jpg 1024w, https:\/\/terezaxavier.com.br\/wp-content\/uploads\/2023\/06\/Festa-na-floresta-joalheira-faz-Natal-para-os-indios-\u2013-Lu-Lacerda-300x175.jpg 300w, https:\/\/terezaxavier.com.br\/wp-content\/uploads\/2023\/06\/Festa-na-floresta-joalheira-faz-Natal-para-os-indios-\u2013-Lu-Lacerda-768x448.jpg 768w, https:\/\/terezaxavier.com.br\/wp-content\/uploads\/2023\/06\/Festa-na-floresta-joalheira-faz-Natal-para-os-indios-\u2013-Lu-Lacerda-1536x895.jpg 1536w, https:\/\/terezaxavier.com.br\/wp-content\/uploads\/2023\/06\/Festa-na-floresta-joalheira-faz-Natal-para-os-indios-\u2013-Lu-Lacerda-2048x1194.jpg 2048w, https:\/\/terezaxavier.com.br\/wp-content\/uploads\/2023\/06\/Festa-na-floresta-joalheira-faz-Natal-para-os-indios-\u2013-Lu-Lacerda-370x216.jpg 370w, https:\/\/terezaxavier.com.br\/wp-content\/uploads\/2023\/06\/Festa-na-floresta-joalheira-faz-Natal-para-os-indios-\u2013-Lu-Lacerda-840x490.jpg 840w, https:\/\/terezaxavier.com.br\/wp-content\/uploads\/2023\/06\/Festa-na-floresta-joalheira-faz-Natal-para-os-indios-\u2013-Lu-Lacerda-410x239.jpg 410w, https:\/\/terezaxavier.com.br\/wp-content\/uploads\/2023\/06\/Festa-na-floresta-joalheira-faz-Natal-para-os-indios-\u2013-Lu-Lacerda-600x350.jpg 600w\" sizes=\"(max-width: 1024px) 100vw, 1024px\" \/>\t\t\t\t\t\t\t\t\t\t\t\t\t\t\t<\/div>\n\t\t\t\t<\/div>\n\t\t\t\t<div class=\"elementor-element elementor-element-1b3a59f sc_fly_static elementor-widget elementor-widget-spacer\" data-id=\"1b3a59f\" data-element_type=\"widget\" data-e-type=\"widget\" data-widget_type=\"spacer.default\">\n\t\t\t\t<div class=\"elementor-widget-container\">\n\t\t\t\t\t\t\t<div class=\"elementor-spacer\">\n\t\t\t<div class=\"elementor-spacer-inner\"><\/div>\n\t\t<\/div>\n\t\t\t\t\t\t<\/div>\n\t\t\t\t<\/div>\n\t\t\t\t<div class=\"elementor-element elementor-element-f75002d sc_fly_static elementor-widget elementor-widget-text-editor\" data-id=\"f75002d\" data-element_type=\"widget\" data-e-type=\"widget\" data-widget_type=\"text-editor.default\">\n\t\t\t\t<div class=\"elementor-widget-container\">\n\t\t\t\t\t\t\t\t\t<blockquote><h3><strong>Festa na Floresta: Joalheira faz Natal para os \u00cdndios<\/strong><\/h3><p><strong>A joalheira Tereza acaba de embarcar, nesta tarde de domingo 29\/11, para Goi\u00e2nia. De l\u00e1 ela vai seguir por oito horas, de carro, at\u00e9 Barra dos Gar\u00e7as, em Mato Grosso, onde percorrer\u00e1 um trajeto de mais tr\u00eas horas at\u00e9 uma das aldeias xavantes.<\/strong><\/p><p>\u00a0<\/p><p><strong>Apaixonada pela cultura ind\u00edgena, Tereza assistiu, m\u00eas passado, aos Primeiros Jogos Mundiais dos Povos Ind\u00edgenas, em Palmas, no Tocantins. ao ver \u00edndios interagindo nas redes sociais e fazendo buscas no Google, na Oca Digital constru\u00edda para o evento, Tereza teve a ideia de montar uma estrutura semelhante para os \u00edndios Xavantes.\u00a0<\/strong><strong>Conversando com o \u00edndio Teserenhoe, de 17 anos, o projeto evolui para a campanha &#8220;Um Natal na Floresta&#8221;.<\/strong><\/p><p>\u00a0<\/p><p><strong>A Gol Linhas A\u00e9reas aderiu ao projeto e, nesse s\u00e1bado 28\/11, decolaram mais de 800 quilos de doa\u00e7\u00f5es para a aldeia, entre shorts, sungas, biqu\u00ednis, brinquedos, cadernos, l\u00e1pis de cor, pap\u00e9is para desenho, cortes de tecido de algod\u00e3o, livros suficientes para montar uma biblioteca, uma m\u00e1quina fotogr\u00e1fica, um computador e uma impressora. A ajuda veio de amigos como Sharon Azulay, da Blue Man, Cristina Oldemburg, do Instituto Oldemburg, da professora V\u00e2nia Vieira e de muitos outros.<\/strong><\/p><p>\u00a0<\/p><p><strong>Uma ceia na floresta vai ser feita para a entrega dos presentes, nesta ter\u00e7a-feira 01\/12. A joalheira est\u00e1 t\u00e3o entusiasmada que j\u00e1 planeja estender a iniciativa para outras aldeias, inclusive as de Roraima, no pr\u00f3ximo ano.<\/strong><\/p><\/blockquote>\t\t\t\t\t\t\t\t<\/div>\n\t\t\t\t<\/div>\n\t\t\t\t\t<\/div>\n\t\t<\/div>\n\t\t\t\t\t<\/div>\n\t\t<\/section>\n\t\t\t\t<\/div>","protected":false},"excerpt":{"rendered":"<p>Festa na Floresta: Joalheira faz Natal para os \u00cdndios A joalheira Tereza acaba de embarcar, nesta tarde de domingo 29\/11, para Goi\u00e2nia. De l\u00e1 ela vai seguir por oito horas,&hellip;<\/p>","protected":false},"author":1,"featured_media":0,"comment_status":"open","ping_status":"open","sticky":false,"template":"elementor_header_footer","format":"standard","meta":{"_joinchat":[],"footnotes":""},"categories":[233],"tags":[],"class_list":["post-28960","post","type-post","status-publish","format-standard","hentry","category-press"],"_links":{"self":[{"href":"https:\/\/terezaxavier.com.br\/en\/wp-json\/wp\/v2\/posts\/28960","targetHints":{"allow":["GET"]}}],"collection":[{"href":"https:\/\/terezaxavier.com.br\/en\/wp-json\/wp\/v2\/posts"}],"about":[{"href":"https:\/\/terezaxavier.com.br\/en\/wp-json\/wp\/v2\/types\/post"}],"author":[{"embeddable":true,"href":"https:\/\/terezaxavier.com.br\/en\/wp-json\/wp\/v2\/users\/1"}],"replies":[{"embeddable":true,"href":"https:\/\/terezaxavier.com.br\/en\/wp-json\/wp\/v2\/comments?post=28960"}],"version-history":[{"count":7,"href":"https:\/\/terezaxavier.com.br\/en\/wp-json\/wp\/v2\/posts\/28960\/revisions"}],"predecessor-version":[{"id":28968,"href":"https:\/\/terezaxavier.com.br\/en\/wp-json\/wp\/v2\/posts\/28960\/revisions\/28968"}],"wp:attachment":[{"href":"https:\/\/terezaxavier.com.br\/en\/wp-json\/wp\/v2\/media?parent=28960"}],"wp:term":[{"taxonomy":"category","embeddable":true,"href":"https:\/\/terezaxavier.com.br\/en\/wp-json\/wp\/v2\/categories?post=28960"},{"taxonomy":"post_tag","embeddable":true,"href":"https:\/\/terezaxavier.com.br\/en\/wp-json\/wp\/v2\/tags?post=28960"}],"curies":[{"name":"wp","href":"https:\/\/api.w.org\/{rel}","templated":true}]}}