{"id":28912,"date":"2023-06-28T17:01:31","date_gmt":"2023-06-28T20:01:31","guid":{"rendered":"https:\/\/terezaxavier.com.br\/?p=28912"},"modified":"2023-06-28T17:07:54","modified_gmt":"2023-06-28T20:07:54","slug":"fernanda-souza-posa-em-meio-a-hortensias-para-editorial-exclusivo","status":"publish","type":"post","link":"https:\/\/terezaxavier.com.br\/en\/fernanda-souza-posa-em-meio-a-hortensias-para-editorial-exclusivo\/","title":{"rendered":"Fernanda Souza Posa em meio a Hort\u00eansias para Editorial Exclusivo"},"content":{"rendered":"<div data-elementor-type=\"wp-post\" data-elementor-id=\"28912\" class=\"elementor elementor-28912\" data-elementor-post-type=\"post\">\n\t\t\t\t\t\t<section class=\"elementor-section elementor-top-section elementor-element elementor-element-0732853 elementor-section-boxed elementor-section-height-default elementor-section-height-default sc_fly_static\" data-id=\"0732853\" data-element_type=\"section\" data-e-type=\"section\">\n\t\t\t\t\t\t<div class=\"elementor-container elementor-column-gap-extended\">\n\t\t\t\t\t<div class=\"elementor-column elementor-col-100 elementor-top-column elementor-element elementor-element-a57721e sc_content_align_inherit sc_layouts_column_icons_position_left sc_fly_static\" data-id=\"a57721e\" data-element_type=\"column\" data-e-type=\"column\">\n\t\t\t<div class=\"elementor-widget-wrap elementor-element-populated\">\n\t\t\t\t\t\t<div class=\"elementor-element elementor-element-ef48276 sc_fly_static elementor-widget elementor-widget-image\" data-id=\"ef48276\" data-element_type=\"widget\" data-e-type=\"widget\" data-widget_type=\"image.default\">\n\t\t\t\t<div class=\"elementor-widget-container\">\n\t\t\t\t\t\t\t\t\t\t\t\t\t\t\t<img fetchpriority=\"high\" decoding=\"async\" width=\"1024\" height=\"597\" src=\"https:\/\/terezaxavier.com.br\/wp-content\/uploads\/2023\/06\/Fernanda-Souza-posa-em-meio-a-hortensias-para-editorial-exclusivo-1024x597.jpg\" class=\"attachment-large size-large wp-image-28917\" alt=\"Fernanda Souza posa em meio a hort\u00eansias para editorial exclusivo\" srcset=\"https:\/\/terezaxavier.com.br\/wp-content\/uploads\/2023\/06\/Fernanda-Souza-posa-em-meio-a-hortensias-para-editorial-exclusivo-1024x597.jpg 1024w, https:\/\/terezaxavier.com.br\/wp-content\/uploads\/2023\/06\/Fernanda-Souza-posa-em-meio-a-hortensias-para-editorial-exclusivo-300x175.jpg 300w, https:\/\/terezaxavier.com.br\/wp-content\/uploads\/2023\/06\/Fernanda-Souza-posa-em-meio-a-hortensias-para-editorial-exclusivo-768x448.jpg 768w, https:\/\/terezaxavier.com.br\/wp-content\/uploads\/2023\/06\/Fernanda-Souza-posa-em-meio-a-hortensias-para-editorial-exclusivo-1536x895.jpg 1536w, https:\/\/terezaxavier.com.br\/wp-content\/uploads\/2023\/06\/Fernanda-Souza-posa-em-meio-a-hortensias-para-editorial-exclusivo-2048x1194.jpg 2048w, https:\/\/terezaxavier.com.br\/wp-content\/uploads\/2023\/06\/Fernanda-Souza-posa-em-meio-a-hortensias-para-editorial-exclusivo-370x216.jpg 370w, https:\/\/terezaxavier.com.br\/wp-content\/uploads\/2023\/06\/Fernanda-Souza-posa-em-meio-a-hortensias-para-editorial-exclusivo-840x490.jpg 840w, https:\/\/terezaxavier.com.br\/wp-content\/uploads\/2023\/06\/Fernanda-Souza-posa-em-meio-a-hortensias-para-editorial-exclusivo-410x239.jpg 410w, https:\/\/terezaxavier.com.br\/wp-content\/uploads\/2023\/06\/Fernanda-Souza-posa-em-meio-a-hortensias-para-editorial-exclusivo-600x350.jpg 600w\" sizes=\"(max-width: 1024px) 100vw, 1024px\" \/>\t\t\t\t\t\t\t\t\t\t\t\t\t\t\t<\/div>\n\t\t\t\t<\/div>\n\t\t\t\t<div class=\"elementor-element elementor-element-60ac462 sc_fly_static elementor-widget elementor-widget-spacer\" data-id=\"60ac462\" data-element_type=\"widget\" data-e-type=\"widget\" data-widget_type=\"spacer.default\">\n\t\t\t\t<div class=\"elementor-widget-container\">\n\t\t\t\t\t\t\t<div class=\"elementor-spacer\">\n\t\t\t<div class=\"elementor-spacer-inner\"><\/div>\n\t\t<\/div>\n\t\t\t\t\t\t<\/div>\n\t\t\t\t<\/div>\n\t\t\t\t<div class=\"elementor-element elementor-element-01cd7ca sc_fly_static elementor-widget elementor-widget-text-editor\" data-id=\"01cd7ca\" data-element_type=\"widget\" data-e-type=\"widget\" data-widget_type=\"text-editor.default\">\n\t\t\t\t<div class=\"elementor-widget-container\">\n\t\t\t\t\t\t\t\t\t<blockquote><p><strong>&#8220;H\u00e1 flores por todos os lados.&#8221; Fernanda Souza posa em meio a hort\u00eansias para editorial exclusivo e revela: Quer se dedicar \u00e0 carreira de apresentadora.<\/strong><\/p><\/blockquote>\t\t\t\t\t\t\t\t<\/div>\n\t\t\t\t<\/div>\n\t\t\t\t\t<\/div>\n\t\t<\/div>\n\t\t\t\t\t<\/div>\n\t\t<\/section>\n\t\t\t\t<\/div>","protected":false},"excerpt":{"rendered":"<p>&#8220;H\u00e1 flores por todos os lados.&#8221; Fernanda Souza posa em meio a hort\u00eansias para editorial exclusivo e revela: Quer se dedicar \u00e0 carreira de apresentadora.<\/p>","protected":false},"author":1,"featured_media":0,"comment_status":"open","ping_status":"open","sticky":false,"template":"elementor_header_footer","format":"standard","meta":{"_joinchat":[],"footnotes":""},"categories":[233],"tags":[],"class_list":["post-28912","post","type-post","status-publish","format-standard","hentry","category-press"],"_links":{"self":[{"href":"https:\/\/terezaxavier.com.br\/en\/wp-json\/wp\/v2\/posts\/28912","targetHints":{"allow":["GET"]}}],"collection":[{"href":"https:\/\/terezaxavier.com.br\/en\/wp-json\/wp\/v2\/posts"}],"about":[{"href":"https:\/\/terezaxavier.com.br\/en\/wp-json\/wp\/v2\/types\/post"}],"author":[{"embeddable":true,"href":"https:\/\/terezaxavier.com.br\/en\/wp-json\/wp\/v2\/users\/1"}],"replies":[{"embeddable":true,"href":"https:\/\/terezaxavier.com.br\/en\/wp-json\/wp\/v2\/comments?post=28912"}],"version-history":[{"count":10,"href":"https:\/\/terezaxavier.com.br\/en\/wp-json\/wp\/v2\/posts\/28912\/revisions"}],"predecessor-version":[{"id":28923,"href":"https:\/\/terezaxavier.com.br\/en\/wp-json\/wp\/v2\/posts\/28912\/revisions\/28923"}],"wp:attachment":[{"href":"https:\/\/terezaxavier.com.br\/en\/wp-json\/wp\/v2\/media?parent=28912"}],"wp:term":[{"taxonomy":"category","embeddable":true,"href":"https:\/\/terezaxavier.com.br\/en\/wp-json\/wp\/v2\/categories?post=28912"},{"taxonomy":"post_tag","embeddable":true,"href":"https:\/\/terezaxavier.com.br\/en\/wp-json\/wp\/v2\/tags?post=28912"}],"curies":[{"name":"wp","href":"https:\/\/api.w.org\/{rel}","templated":true}]}}