{"id":28902,"date":"2023-06-28T16:55:38","date_gmt":"2023-06-28T19:55:38","guid":{"rendered":"https:\/\/terezaxavier.com.br\/?p=28902"},"modified":"2023-06-28T16:58:53","modified_gmt":"2023-06-28T19:58:53","slug":"astro-de-malhacao-nicolas-prattes-posa-em-editorial-exclusivo","status":"publish","type":"post","link":"https:\/\/terezaxavier.com.br\/en\/astro-de-malhacao-nicolas-prattes-posa-em-editorial-exclusivo\/","title":{"rendered":"Astro de \u201cMalha\u00e7\u00e3o\u201d, Nicolas Prattes Posa em Editorial Exclusivo"},"content":{"rendered":"<div data-elementor-type=\"wp-post\" data-elementor-id=\"28902\" class=\"elementor elementor-28902\" data-elementor-post-type=\"post\">\n\t\t\t\t\t\t<section class=\"elementor-section elementor-top-section elementor-element elementor-element-01f693d elementor-section-boxed elementor-section-height-default elementor-section-height-default sc_fly_static\" data-id=\"01f693d\" data-element_type=\"section\" data-e-type=\"section\">\n\t\t\t\t\t\t<div class=\"elementor-container elementor-column-gap-extended\">\n\t\t\t\t\t<div class=\"elementor-column elementor-col-100 elementor-top-column elementor-element elementor-element-479f1dc sc_content_align_inherit sc_layouts_column_icons_position_left sc_fly_static\" data-id=\"479f1dc\" data-element_type=\"column\" data-e-type=\"column\">\n\t\t\t<div class=\"elementor-widget-wrap elementor-element-populated\">\n\t\t\t\t\t\t<div class=\"elementor-element elementor-element-44bddf7 sc_fly_static elementor-widget elementor-widget-image\" data-id=\"44bddf7\" data-element_type=\"widget\" data-e-type=\"widget\" data-widget_type=\"image.default\">\n\t\t\t\t<div class=\"elementor-widget-container\">\n\t\t\t\t\t\t\t\t\t\t\t\t\t\t\t<img fetchpriority=\"high\" decoding=\"async\" width=\"1024\" height=\"597\" src=\"https:\/\/terezaxavier.com.br\/wp-content\/uploads\/2023\/06\/Astro-de-Malhacao-Nicolas-Prattes-posa-em-editorial-exclusivo-1024x597.jpg\" class=\"attachment-large size-large wp-image-28908\" alt=\"Astro de Malha\u00e7\u00e3o Nicolas Prattes posa em editorial exclusivo\" srcset=\"https:\/\/terezaxavier.com.br\/wp-content\/uploads\/2023\/06\/Astro-de-Malhacao-Nicolas-Prattes-posa-em-editorial-exclusivo-1024x597.jpg 1024w, https:\/\/terezaxavier.com.br\/wp-content\/uploads\/2023\/06\/Astro-de-Malhacao-Nicolas-Prattes-posa-em-editorial-exclusivo-300x175.jpg 300w, https:\/\/terezaxavier.com.br\/wp-content\/uploads\/2023\/06\/Astro-de-Malhacao-Nicolas-Prattes-posa-em-editorial-exclusivo-768x448.jpg 768w, https:\/\/terezaxavier.com.br\/wp-content\/uploads\/2023\/06\/Astro-de-Malhacao-Nicolas-Prattes-posa-em-editorial-exclusivo-1536x895.jpg 1536w, https:\/\/terezaxavier.com.br\/wp-content\/uploads\/2023\/06\/Astro-de-Malhacao-Nicolas-Prattes-posa-em-editorial-exclusivo-2048x1194.jpg 2048w, https:\/\/terezaxavier.com.br\/wp-content\/uploads\/2023\/06\/Astro-de-Malhacao-Nicolas-Prattes-posa-em-editorial-exclusivo-370x216.jpg 370w, https:\/\/terezaxavier.com.br\/wp-content\/uploads\/2023\/06\/Astro-de-Malhacao-Nicolas-Prattes-posa-em-editorial-exclusivo-840x490.jpg 840w, https:\/\/terezaxavier.com.br\/wp-content\/uploads\/2023\/06\/Astro-de-Malhacao-Nicolas-Prattes-posa-em-editorial-exclusivo-410x239.jpg 410w, https:\/\/terezaxavier.com.br\/wp-content\/uploads\/2023\/06\/Astro-de-Malhacao-Nicolas-Prattes-posa-em-editorial-exclusivo-600x350.jpg 600w\" sizes=\"(max-width: 1024px) 100vw, 1024px\" \/>\t\t\t\t\t\t\t\t\t\t\t\t\t\t\t<\/div>\n\t\t\t\t<\/div>\n\t\t\t\t<div class=\"elementor-element elementor-element-8e9931f sc_fly_static elementor-widget elementor-widget-spacer\" data-id=\"8e9931f\" data-element_type=\"widget\" data-e-type=\"widget\" data-widget_type=\"spacer.default\">\n\t\t\t\t<div class=\"elementor-widget-container\">\n\t\t\t\t\t\t\t<div class=\"elementor-spacer\">\n\t\t\t<div class=\"elementor-spacer-inner\"><\/div>\n\t\t<\/div>\n\t\t\t\t\t\t<\/div>\n\t\t\t\t<\/div>\n\t\t\t\t<div class=\"elementor-element elementor-element-c4b918a sc_fly_static elementor-widget elementor-widget-text-editor\" data-id=\"c4b918a\" data-element_type=\"widget\" data-e-type=\"widget\" data-widget_type=\"text-editor.default\">\n\t\t\t\t<div class=\"elementor-widget-container\">\n\t\t\t\t\t\t\t\t\t<blockquote><p><strong>Astro de &#8220;Malha\u00e7\u00e3o&#8221;, Nicolas Prattes posa em editorial exclusivo para HT e declara: &#8220;N\u00e3o penso em estigma de mocinho ou vil\u00e3o. Eu vou e fa\u00e7o meu melhor&#8221;<\/strong><\/p><\/blockquote>\t\t\t\t\t\t\t\t<\/div>\n\t\t\t\t<\/div>\n\t\t\t\t\t<\/div>\n\t\t<\/div>\n\t\t\t\t\t<\/div>\n\t\t<\/section>\n\t\t\t\t<\/div>","protected":false},"excerpt":{"rendered":"<p>Astro de &#8220;Malha\u00e7\u00e3o&#8221;, Nicolas Prattes posa em editorial exclusivo para HT e declara: &#8220;N\u00e3o penso em estigma de mocinho ou vil\u00e3o. Eu vou e fa\u00e7o meu melhor&#8221;<\/p>","protected":false},"author":1,"featured_media":0,"comment_status":"open","ping_status":"open","sticky":false,"template":"elementor_header_footer","format":"standard","meta":{"_joinchat":[],"footnotes":""},"categories":[233],"tags":[],"class_list":["post-28902","post","type-post","status-publish","format-standard","hentry","category-press"],"_links":{"self":[{"href":"https:\/\/terezaxavier.com.br\/en\/wp-json\/wp\/v2\/posts\/28902","targetHints":{"allow":["GET"]}}],"collection":[{"href":"https:\/\/terezaxavier.com.br\/en\/wp-json\/wp\/v2\/posts"}],"about":[{"href":"https:\/\/terezaxavier.com.br\/en\/wp-json\/wp\/v2\/types\/post"}],"author":[{"embeddable":true,"href":"https:\/\/terezaxavier.com.br\/en\/wp-json\/wp\/v2\/users\/1"}],"replies":[{"embeddable":true,"href":"https:\/\/terezaxavier.com.br\/en\/wp-json\/wp\/v2\/comments?post=28902"}],"version-history":[{"count":7,"href":"https:\/\/terezaxavier.com.br\/en\/wp-json\/wp\/v2\/posts\/28902\/revisions"}],"predecessor-version":[{"id":28911,"href":"https:\/\/terezaxavier.com.br\/en\/wp-json\/wp\/v2\/posts\/28902\/revisions\/28911"}],"wp:attachment":[{"href":"https:\/\/terezaxavier.com.br\/en\/wp-json\/wp\/v2\/media?parent=28902"}],"wp:term":[{"taxonomy":"category","embeddable":true,"href":"https:\/\/terezaxavier.com.br\/en\/wp-json\/wp\/v2\/categories?post=28902"},{"taxonomy":"post_tag","embeddable":true,"href":"https:\/\/terezaxavier.com.br\/en\/wp-json\/wp\/v2\/tags?post=28902"}],"curies":[{"name":"wp","href":"https:\/\/api.w.org\/{rel}","templated":true}]}}