{"id":28634,"date":"2023-06-22T18:12:42","date_gmt":"2023-06-22T21:12:42","guid":{"rendered":"https:\/\/terezaxavier.com.br\/?p=28634"},"modified":"2023-06-22T18:19:37","modified_gmt":"2023-06-22T21:19:37","slug":"wanda-grandi-para-tereza-xavier","status":"publish","type":"post","link":"https:\/\/terezaxavier.com.br\/en\/wanda-grandi-para-tereza-xavier\/","title":{"rendered":"Wanda Grandi para Tereza Xavier"},"content":{"rendered":"<div data-elementor-type=\"wp-post\" data-elementor-id=\"28634\" class=\"elementor elementor-28634\" data-elementor-post-type=\"post\">\n\t\t\t\t\t\t<section class=\"elementor-section elementor-top-section elementor-element elementor-element-084ff50 elementor-section-stretched elementor-section-boxed elementor-section-height-default elementor-section-height-default sc_fly_static\" data-id=\"084ff50\" data-element_type=\"section\" data-e-type=\"section\" data-settings=\"{&quot;stretch_section&quot;:&quot;section-stretched&quot;}\">\n\t\t\t\t\t\t<div class=\"elementor-container elementor-column-gap-extended\">\n\t\t\t\t\t<div class=\"elementor-column elementor-col-100 elementor-top-column elementor-element elementor-element-f92c4db sc_content_align_inherit sc_layouts_column_icons_position_left sc_fly_static\" data-id=\"f92c4db\" data-element_type=\"column\" data-e-type=\"column\">\n\t\t\t<div class=\"elementor-widget-wrap elementor-element-populated\">\n\t\t\t\t\t\t<div class=\"elementor-element elementor-element-fdd2159 sc_fly_static elementor-widget elementor-widget-image\" data-id=\"fdd2159\" data-element_type=\"widget\" data-e-type=\"widget\" data-widget_type=\"image.default\">\n\t\t\t\t<div class=\"elementor-widget-container\">\n\t\t\t\t\t\t\t\t\t\t\t\t\t\t\t<img fetchpriority=\"high\" decoding=\"async\" width=\"1024\" height=\"439\" src=\"https:\/\/terezaxavier.com.br\/wp-content\/uploads\/2023\/06\/Wanda-Grandi-para-Tereza-Xavier-1024x439.jpg\" class=\"attachment-large size-large wp-image-28643\" alt=\"\" srcset=\"https:\/\/terezaxavier.com.br\/wp-content\/uploads\/2023\/06\/Wanda-Grandi-para-Tereza-Xavier-1024x439.jpg 1024w, https:\/\/terezaxavier.com.br\/wp-content\/uploads\/2023\/06\/Wanda-Grandi-para-Tereza-Xavier-300x129.jpg 300w, https:\/\/terezaxavier.com.br\/wp-content\/uploads\/2023\/06\/Wanda-Grandi-para-Tereza-Xavier-768x329.jpg 768w, https:\/\/terezaxavier.com.br\/wp-content\/uploads\/2023\/06\/Wanda-Grandi-para-Tereza-Xavier-1536x659.jpg 1536w, https:\/\/terezaxavier.com.br\/wp-content\/uploads\/2023\/06\/Wanda-Grandi-para-Tereza-Xavier-370x159.jpg 370w, https:\/\/terezaxavier.com.br\/wp-content\/uploads\/2023\/06\/Wanda-Grandi-para-Tereza-Xavier-840x360.jpg 840w, https:\/\/terezaxavier.com.br\/wp-content\/uploads\/2023\/06\/Wanda-Grandi-para-Tereza-Xavier-410x176.jpg 410w, https:\/\/terezaxavier.com.br\/wp-content\/uploads\/2023\/06\/Wanda-Grandi-para-Tereza-Xavier-600x257.jpg 600w, https:\/\/terezaxavier.com.br\/wp-content\/uploads\/2023\/06\/Wanda-Grandi-para-Tereza-Xavier.jpg 1600w\" sizes=\"(max-width: 1024px) 100vw, 1024px\" \/>\t\t\t\t\t\t\t\t\t\t\t\t\t\t\t<\/div>\n\t\t\t\t<\/div>\n\t\t\t\t<div class=\"elementor-element elementor-element-1e38d36 sc_fly_static elementor-widget elementor-widget-spacer\" data-id=\"1e38d36\" data-element_type=\"widget\" data-e-type=\"widget\" data-widget_type=\"spacer.default\">\n\t\t\t\t<div class=\"elementor-widget-container\">\n\t\t\t\t\t\t\t<div class=\"elementor-spacer\">\n\t\t\t<div class=\"elementor-spacer-inner\"><\/div>\n\t\t<\/div>\n\t\t\t\t\t\t<\/div>\n\t\t\t\t<\/div>\n\t\t\t\t<div class=\"elementor-element elementor-element-7a1e79a sc_fly_static elementor-widget elementor-widget-text-editor\" data-id=\"7a1e79a\" data-element_type=\"widget\" data-e-type=\"widget\" data-widget_type=\"text-editor.default\">\n\t\t\t\t<div class=\"elementor-widget-container\">\n\t\t\t\t\t\t\t\t\t<blockquote><p style=\"text-align: center;\"><strong>Oi\u00ea gente! Tudo bem?<\/strong><\/p><p style=\"text-align: center;\"><strong>A postagem de hoje \u00e9 uma notinha de agradecimento pelo convite que eu recebi <\/strong><strong>da designer de joias Tereza Xavier. Fui escolhida para ser o rosto da mais <\/strong><strong>nova cole\u00e7\u00e3o da designer lan\u00e7ada em Saint Tropez.<\/strong><\/p><p style=\"text-align: center;\">\u00a0<\/p><p style=\"text-align: center;\"><strong>As fotos, que ficaram maravilhosas, s\u00e3o do fot\u00f3grafo Joaquim Nabuuco. E o <\/strong><strong>local escolhido para o photoshoot foi a casa da designer em S\u00e3o Conrado.<\/strong><\/p><p style=\"text-align: center;\">\u00a0<\/p><p style=\"text-align: center;\"><strong>A nova linha de joias da Tereza mescla as cores, texturas e diversidades <\/strong><strong>brasileiras aliadas a sofistica\u00e7\u00e3o da marca. As pe\u00e7as ficaram lindas e o <\/strong><strong>resultado de algumas fotos eu trago aqui para voc\u00eas verem.<\/strong><\/p><p style=\"text-align: center;\">\u00a0<\/p><p style=\"text-align: center;\"><strong>Mais uma vez gostaria de agradecer a oportunidade e o carinho de todos comigo. Estendo agradecimento a Heloisa Tolipan pela mat\u00e9ria feita. Muito obrigada por tudo, gente!<\/strong><br \/><strong>Beijos, <\/strong><br \/><strong>Wan.<\/strong><\/p><\/blockquote>\t\t\t\t\t\t\t\t<\/div>\n\t\t\t\t<\/div>\n\t\t\t\t\t<\/div>\n\t\t<\/div>\n\t\t\t\t\t<\/div>\n\t\t<\/section>\n\t\t\t\t<\/div>","protected":false},"excerpt":{"rendered":"<p>Oi\u00ea gente! Tudo bem? A postagem de hoje \u00e9 uma notinha de agradecimento pelo convite que eu recebi da designer de joias Tereza Xavier. Fui escolhida para ser o rosto&hellip;<\/p>","protected":false},"author":1,"featured_media":0,"comment_status":"open","ping_status":"open","sticky":false,"template":"","format":"standard","meta":{"_joinchat":[],"footnotes":""},"categories":[233],"tags":[],"class_list":["post-28634","post","type-post","status-publish","format-standard","hentry","category-press"],"_links":{"self":[{"href":"https:\/\/terezaxavier.com.br\/en\/wp-json\/wp\/v2\/posts\/28634","targetHints":{"allow":["GET"]}}],"collection":[{"href":"https:\/\/terezaxavier.com.br\/en\/wp-json\/wp\/v2\/posts"}],"about":[{"href":"https:\/\/terezaxavier.com.br\/en\/wp-json\/wp\/v2\/types\/post"}],"author":[{"embeddable":true,"href":"https:\/\/terezaxavier.com.br\/en\/wp-json\/wp\/v2\/users\/1"}],"replies":[{"embeddable":true,"href":"https:\/\/terezaxavier.com.br\/en\/wp-json\/wp\/v2\/comments?post=28634"}],"version-history":[{"count":16,"href":"https:\/\/terezaxavier.com.br\/en\/wp-json\/wp\/v2\/posts\/28634\/revisions"}],"predecessor-version":[{"id":28652,"href":"https:\/\/terezaxavier.com.br\/en\/wp-json\/wp\/v2\/posts\/28634\/revisions\/28652"}],"wp:attachment":[{"href":"https:\/\/terezaxavier.com.br\/en\/wp-json\/wp\/v2\/media?parent=28634"}],"wp:term":[{"taxonomy":"category","embeddable":true,"href":"https:\/\/terezaxavier.com.br\/en\/wp-json\/wp\/v2\/categories?post=28634"},{"taxonomy":"post_tag","embeddable":true,"href":"https:\/\/terezaxavier.com.br\/en\/wp-json\/wp\/v2\/tags?post=28634"}],"curies":[{"name":"wp","href":"https:\/\/api.w.org\/{rel}","templated":true}]}}