{"id":28504,"date":"2023-06-22T14:32:28","date_gmt":"2023-06-22T17:32:28","guid":{"rendered":"https:\/\/terezaxavier.com.br\/?p=28504"},"modified":"2024-12-11T18:33:05","modified_gmt":"2024-12-11T21:33:05","slug":"festa-de-abertura-da-exposicao-e-tempo-de-brasil-carrousel-du-louvre-paris-1998","status":"publish","type":"post","link":"https:\/\/terezaxavier.com.br\/en\/festa-de-abertura-da-exposicao-e-tempo-de-brasil-carrousel-du-louvre-paris-1998\/","title":{"rendered":"Festa de Abertura da Exposi\u00e7\u00e3o \u00c9 Tempo de Brasil &#8211; Carrousel du Louvre Paris 1998"},"content":{"rendered":"<div data-elementor-type=\"wp-post\" data-elementor-id=\"28504\" class=\"elementor elementor-28504\" data-elementor-post-type=\"post\">\n\t\t\t\t\t\t<section class=\"elementor-section elementor-top-section elementor-element elementor-element-078a77f elementor-section-stretched elementor-section-boxed elementor-section-height-default elementor-section-height-default sc_fly_static\" data-id=\"078a77f\" data-element_type=\"section\" data-e-type=\"section\" data-settings=\"{&quot;stretch_section&quot;:&quot;section-stretched&quot;}\">\n\t\t\t\t\t\t<div class=\"elementor-container elementor-column-gap-extended\">\n\t\t\t\t\t<div class=\"elementor-column elementor-col-100 elementor-top-column elementor-element elementor-element-b4f77d7 sc_content_align_inherit sc_layouts_column_icons_position_left sc_fly_static\" data-id=\"b4f77d7\" data-element_type=\"column\" data-e-type=\"column\">\n\t\t\t<div class=\"elementor-widget-wrap elementor-element-populated\">\n\t\t\t\t\t\t<div class=\"elementor-element elementor-element-4c6eb98 sc_fly_static elementor-widget elementor-widget-video\" data-id=\"4c6eb98\" data-element_type=\"widget\" data-e-type=\"widget\" data-settings=\"{&quot;video_type&quot;:&quot;hosted&quot;,&quot;controls&quot;:&quot;yes&quot;}\" data-widget_type=\"video.default\">\n\t\t\t\t<div class=\"elementor-widget-container\">\n\t\t\t\t\t\t\t<div class=\"e-hosted-video elementor-wrapper elementor-open-inline\">\n\t\t\t\t\t<video class=\"elementor-video\" src=\"https:\/\/terezaxavier.com.br\/wp-content\/uploads\/2024\/12\/Festa-Castelo-de-Caras-1998-Amaury-Jr.mp4\" controls=\"\" preload=\"metadata\" controlslist=\"nodownload\"><\/video>\n\t\t\t\t<\/div>\n\t\t\t\t\t\t<\/div>\n\t\t\t\t<\/div>\n\t\t\t\t<div class=\"elementor-element elementor-element-f840b5d sc_fly_static elementor-widget elementor-widget-spacer\" data-id=\"f840b5d\" data-element_type=\"widget\" data-e-type=\"widget\" data-widget_type=\"spacer.default\">\n\t\t\t\t<div class=\"elementor-widget-container\">\n\t\t\t\t\t\t\t<div class=\"elementor-spacer\">\n\t\t\t<div class=\"elementor-spacer-inner\"><\/div>\n\t\t<\/div>\n\t\t\t\t\t\t<\/div>\n\t\t\t\t<\/div>\n\t\t\t\t<div class=\"elementor-element elementor-element-c21fc03 sc_fly_static elementor-widget elementor-widget-text-editor\" data-id=\"c21fc03\" data-element_type=\"widget\" data-e-type=\"widget\" data-widget_type=\"text-editor.default\">\n\t\t\t\t<div class=\"elementor-widget-container\">\n\t\t\t\t\t\t\t\t\t<blockquote><p>Tereza Xavier exp\u00f4s suas lindas joias, entre elas a pulseira Talism\u00e3, Oscar da Joalheria, um biquini com a bandeira do Brasil cravejado de Diamantes, e muito mais joias retratando a arte ind\u00edgena do Brasil, a convite do governo brasileiro como representante da Alta Joalheria do Brasil.\u00a0<\/p><\/blockquote>\t\t\t\t\t\t\t\t<\/div>\n\t\t\t\t<\/div>\n\t\t\t\t\t<\/div>\n\t\t<\/div>\n\t\t\t\t\t<\/div>\n\t\t<\/section>\n\t\t\t\t<\/div>","protected":false},"excerpt":{"rendered":"<p>https:\/\/terezaxavier.com.br\/wp-content\/uploads\/2024\/12\/Festa-Castelo-de-Caras-1998-Amaury-Jr.mp4 Tereza Xavier exp\u00f4s suas lindas joias, entre elas a pulseira Talism\u00e3, Oscar da Joalheria, um biquini com a bandeira do Brasil cravejado de Diamantes, e muito mais joias retratando&hellip;<\/p>","protected":false},"author":1,"featured_media":0,"comment_status":"open","ping_status":"open","sticky":false,"template":"","format":"standard","meta":{"_joinchat":[],"footnotes":""},"categories":[233],"tags":[],"class_list":["post-28504","post","type-post","status-publish","format-standard","hentry","category-press"],"_links":{"self":[{"href":"https:\/\/terezaxavier.com.br\/en\/wp-json\/wp\/v2\/posts\/28504","targetHints":{"allow":["GET"]}}],"collection":[{"href":"https:\/\/terezaxavier.com.br\/en\/wp-json\/wp\/v2\/posts"}],"about":[{"href":"https:\/\/terezaxavier.com.br\/en\/wp-json\/wp\/v2\/types\/post"}],"author":[{"embeddable":true,"href":"https:\/\/terezaxavier.com.br\/en\/wp-json\/wp\/v2\/users\/1"}],"replies":[{"embeddable":true,"href":"https:\/\/terezaxavier.com.br\/en\/wp-json\/wp\/v2\/comments?post=28504"}],"version-history":[{"count":28,"href":"https:\/\/terezaxavier.com.br\/en\/wp-json\/wp\/v2\/posts\/28504\/revisions"}],"predecessor-version":[{"id":43914,"href":"https:\/\/terezaxavier.com.br\/en\/wp-json\/wp\/v2\/posts\/28504\/revisions\/43914"}],"wp:attachment":[{"href":"https:\/\/terezaxavier.com.br\/en\/wp-json\/wp\/v2\/media?parent=28504"}],"wp:term":[{"taxonomy":"category","embeddable":true,"href":"https:\/\/terezaxavier.com.br\/en\/wp-json\/wp\/v2\/categories?post=28504"},{"taxonomy":"post_tag","embeddable":true,"href":"https:\/\/terezaxavier.com.br\/en\/wp-json\/wp\/v2\/tags?post=28504"}],"curies":[{"name":"wp","href":"https:\/\/api.w.org\/{rel}","templated":true}]}}